{"id":26088,"date":"2019-02-13T14:33:43","date_gmt":"2019-02-13T17:33:43","guid":{"rendered":"http:\/\/vertigomotorsport.com\/vm\/?p=26088"},"modified":"2019-02-13T14:33:43","modified_gmt":"2019-02-13T17:33:43","slug":"asi-arranca-el-zonal-mar-y-sierras","status":"publish","type":"post","link":"http:\/\/vertigomotorsport.com\/vm\/2019\/02\/13\/asi-arranca-el-zonal-mar-y-sierras\/","title":{"rendered":"As\u00ed arranca el zonal Mar y Sierras"},"content":{"rendered":"<p><strong>En la noche de la v\u00edspera, tuvo lugar en Mar del Plata, la asamblea anual de la Frad. Mar y Sierras con las Asociaciones de Pilotos y Clubes Afiliados. En la primera reuni\u00f3n de la temporada, se trataron diferentes puntos y se confirmaron las fechas para el automovilismo zonal. El 9 y 10 de Marzo se iniciar\u00e1n los campeonatos con APAC, TC del Sudeste y TS 1850 en Dolores, y el Kart de la AZK en Mar del Plata.<\/strong><\/p>\n<p>En el primer c\u00f3nclave de la entidad fiscalizadora con los pilotos y entidades organizadoras de competencias, se abordaron diferentes temas para este a\u00f1o y se confirmaron las fechas para el acto inaugural de las categor\u00edas.<br \/>\nEl secretario de la Frad, Ernesto Morales, di\u00f3 a conocer el capitulo inicial de todas las divisionales de la entidad, con base operativa en la calle Rawson de Mar del Plata.<br \/>\nEl 9 y 10 de Marzo APAC, en sus dos divisionales, TC del Sudeste y el Turismo Sport 1850 abrir\u00e1n el ejercicio 2019 del zonal en el Aut\u00f3dromo Ciudad de Dolores. Ese mismo fin de semana el Kart de la AZK, pondr\u00e1 primera en el Kart\u00f3dromo Internacional de Mar del Plata.<br \/>\nEl 16 y 17 de Marzo, en Kart Regional correr\u00e1 en el Kart\u00f3dromo de AMAD &#8211; (Mar del Plata), y el Rally Mar y Sierras se trasladar\u00e1 hasta Ranchos, Partido de Gral Paz.<br \/>\nEl Kart Lezama y el Kart Ver\u00f3nica correr\u00e1n el 23 y 24 de Marzo en Castelli, y el Grupo del Atl\u00e1ntico, Promocional, Monomarca Fiat, TC 2000 y Turismo Special de la Costa compartir\u00e1n el mega espect\u00e1culo, en el Aut\u00f3dromo de la Ciudad de Mar del Plata.<br \/>\nEl 7 de Abril, el Castellense 4 x 2 lo har\u00e1 en Castelli, y el 14 de Abril la Monomarca del Salado, establecer\u00e1 el primer cap\u00edtulo en el Aut\u00f3dromo de Dolores. Ese mismo fin de semana, Safari y Areneros estar\u00e1n inaugurando el periplo 2019 en Villa Gesell.<\/p>\n<p>&nbsp;<\/p>\n<p>(Foto: Daniel Baretta)<\/p>\n<p>&nbsp;<\/p>\n","protected":false},"excerpt":{"rendered":"<p>En la noche de la v\u00edspera, tuvo lugar en Mar del Plata, la asamblea anual de la Frad. Mar y Sierras con las Asociaciones de Pilotos y Clubes Afiliados. En [&#8230;]<\/p>\n","protected":false},"author":2,"featured_media":26089,"comment_status":"open","ping_status":"open","sticky":false,"template":"","format":"standard","meta":{"footnotes":""},"categories":[1],"tags":[19,1038,7,762,813],"_links":{"self":[{"href":"http:\/\/vertigomotorsport.com\/vm\/wp-json\/wp\/v2\/posts\/26088"}],"collection":[{"href":"http:\/\/vertigomotorsport.com\/vm\/wp-json\/wp\/v2\/posts"}],"about":[{"href":"http:\/\/vertigomotorsport.com\/vm\/wp-json\/wp\/v2\/types\/post"}],"author":[{"embeddable":true,"href":"http:\/\/vertigomotorsport.com\/vm\/wp-json\/wp\/v2\/users\/2"}],"replies":[{"embeddable":true,"href":"http:\/\/vertigomotorsport.com\/vm\/wp-json\/wp\/v2\/comments?post=26088"}],"version-history":[{"count":1,"href":"http:\/\/vertigomotorsport.com\/vm\/wp-json\/wp\/v2\/posts\/26088\/revisions"}],"predecessor-version":[{"id":26090,"href":"http:\/\/vertigomotorsport.com\/vm\/wp-json\/wp\/v2\/posts\/26088\/revisions\/26090"}],"wp:featuredmedia":[{"embeddable":true,"href":"http:\/\/vertigomotorsport.com\/vm\/wp-json\/wp\/v2\/media\/26089"}],"wp:attachment":[{"href":"http:\/\/vertigomotorsport.com\/vm\/wp-json\/wp\/v2\/media?parent=26088"}],"wp:term":[{"taxonomy":"category","embeddable":true,"href":"http:\/\/vertigomotorsport.com\/vm\/wp-json\/wp\/v2\/categories?post=26088"},{"taxonomy":"post_tag","embeddable":true,"href":"http:\/\/vertigomotorsport.com\/vm\/wp-json\/wp\/v2\/tags?post=26088"}],"curies":[{"name":"wp","href":"https:\/\/api.w.org\/{rel}","templated":true}]}}