{"id":26091,"date":"2019-02-13T14:56:28","date_gmt":"2019-02-13T17:56:28","guid":{"rendered":"http:\/\/vertigomotorsport.com\/vm\/?p=26091"},"modified":"2019-02-13T14:56:28","modified_gmt":"2019-02-13T17:56:28","slug":"los-planes-de-devoto-para-la-temporada-2019","status":"publish","type":"post","link":"http:\/\/vertigomotorsport.com\/vm\/2019\/02\/13\/los-planes-de-devoto-para-la-temporada-2019\/","title":{"rendered":"Los planes de Devoto para la temporada 2019"},"content":{"rendered":"<p><strong>Federico Devoto trabaja para estar este a\u00f1o en el Rally Argentino con un nuevo proyecto: el armado de un Toyota Etios Maxi Rally construido por el RC Competici\u00f3n con el que anhela ya estar en la tercera fecha del calendario.<\/strong><\/p>\n<p>Tras el enorme disgusto vivido en el Rally de Entre R\u00edos 2018, cuando su Fiat Palio qued\u00f3 destruido a ra\u00edz del accidente sufrido mientras llevaban el auto a las verificaciones t\u00e9cnicas previas de esa competencia, Federico Devoto pretende dar vuelta la p\u00e1gina. Y el bonaerense, que tuvo excelentes resultados en las pocas participaciones que tuvo dentro de la RC2A del Rally Argentino, dio algunos detalles del nuevo proyecto 2019. \u201cEstamos haciendo un Toyota Etios Maxi Rally.<br \/>\nComo tal vez nos sal\u00eda lo mismo arreglar el Fiat Palio que se rompi\u00f3 en Entre R\u00edos y ese veh\u00edculo ya ten\u00eda sus accidentes, conven\u00eda hacer un casco nuevo o comprar un casco con jaula ya armado. Averiguamos y surgi\u00f3 la idea de armar un Etios con el RC Competici\u00f3n\u201d, explic\u00f3 el piloto de Chivilcoy.<br \/>\n\u201cVenimos un poco atrasados, pero ya le est\u00e1n haciendo la jaula y los pl\u00e1sticos para el Etios MR. Despu\u00e9s que lo terminen, lo iremos a buscar para llev\u00e1rselo a Marcelo Moffa, del Hurlingham Motorsport, para que ellos lo armen completo con la mec\u00e1nica que ya ten\u00edamos, por lo que continuar\u00e1 siendo un MR Aspirado\u201d, agreg\u00f3 Fede, quien junto con su habitual navegante Mariano Pissaco ya posaron con la nueva indumentaria.<br \/>\n\u201cTenemos bastante trabajo por delante. A la primera y segunda fecha no vamos a llegar, y a la tercera a\u00fan estamos en duda. Se va a trabajar a contrarreloj. Y adem\u00e1s tendremos que buscar alg\u00fan sponsors para mantener y correr el auto. El objetivo es estar en tres fechas en 2019, algo similar a lo del a\u00f1o pasado, eligiendo las que sean m\u00e1s cercanas o las que econ\u00f3micamente podamos llegar a hacer\u201d, cerr\u00f3 Devoto.<\/p>\n<p>&nbsp;<\/p>\n","protected":false},"excerpt":{"rendered":"<p>Federico Devoto trabaja para estar este a\u00f1o en el Rally Argentino con un nuevo proyecto: el armado de un Toyota Etios Maxi Rally construido por el RC Competici\u00f3n con el [&#8230;]<\/p>\n","protected":false},"author":2,"featured_media":26092,"comment_status":"open","ping_status":"open","sticky":false,"template":"","format":"standard","meta":{"footnotes":""},"categories":[5],"tags":[105,7,15],"_links":{"self":[{"href":"http:\/\/vertigomotorsport.com\/vm\/wp-json\/wp\/v2\/posts\/26091"}],"collection":[{"href":"http:\/\/vertigomotorsport.com\/vm\/wp-json\/wp\/v2\/posts"}],"about":[{"href":"http:\/\/vertigomotorsport.com\/vm\/wp-json\/wp\/v2\/types\/post"}],"author":[{"embeddable":true,"href":"http:\/\/vertigomotorsport.com\/vm\/wp-json\/wp\/v2\/users\/2"}],"replies":[{"embeddable":true,"href":"http:\/\/vertigomotorsport.com\/vm\/wp-json\/wp\/v2\/comments?post=26091"}],"version-history":[{"count":1,"href":"http:\/\/vertigomotorsport.com\/vm\/wp-json\/wp\/v2\/posts\/26091\/revisions"}],"predecessor-version":[{"id":26093,"href":"http:\/\/vertigomotorsport.com\/vm\/wp-json\/wp\/v2\/posts\/26091\/revisions\/26093"}],"wp:featuredmedia":[{"embeddable":true,"href":"http:\/\/vertigomotorsport.com\/vm\/wp-json\/wp\/v2\/media\/26092"}],"wp:attachment":[{"href":"http:\/\/vertigomotorsport.com\/vm\/wp-json\/wp\/v2\/media?parent=26091"}],"wp:term":[{"taxonomy":"category","embeddable":true,"href":"http:\/\/vertigomotorsport.com\/vm\/wp-json\/wp\/v2\/categories?post=26091"},{"taxonomy":"post_tag","embeddable":true,"href":"http:\/\/vertigomotorsport.com\/vm\/wp-json\/wp\/v2\/tags?post=26091"}],"curies":[{"name":"wp","href":"https:\/\/api.w.org\/{rel}","templated":true}]}}