{"id":16896,"date":"2017-02-05T14:55:19","date_gmt":"2017-02-05T17:55:19","guid":{"rendered":"http:\/\/vertigomotorsport.com\/vm\/?p=16896"},"modified":"2017-02-14T13:57:04","modified_gmt":"2017-02-14T16:57:04","slug":"inoxidable","status":"publish","type":"post","link":"https:\/\/vertigomotorsport.com\/vm\/2017\/02\/05\/inoxidable\/","title":{"rendered":"Inoxidable"},"content":{"rendered":"<p><strong>Contundente fue el triunfo de Omar Mart\u00ednez entre los invitados del TC Mouras en la primera fecha de la temporada, que se llev\u00f3 a cabo en el aut\u00f3dromo de Mar de Aj\u00f3. Juli\u00e1n Santero y Mart\u00edn Serrano completaron el podio.<\/strong><\/p>\n<p>Nada lo oxida a Omar Mart\u00ednez. Menos el agua, que le dio la bienvenida a las primeras horas del domingo. Para algunos fue una amenaza. Para otros, la ganancia de un pescador que supo aprovechar el r\u00edo revuelto para saltar a la victoria e inundar de alegr\u00eda al Gur\u00ed Mart\u00ednez Competici\u00f3n. Y es que luego de la victoria de Juan Jos\u00e9 Su\u00e1rez, fue el entrerriano quien se impuso de principio en la final de pilotos invitados que el TC Mouras disput\u00f3 en Mar de Aj\u00f3.<br \/>\nLa clave del triunfo fue sin dudas haber acertado con la elecci\u00f3n de neum\u00e1ticos antes de la competencia de invitados. Eso le permiti\u00f3 a Su\u00e1rez avanzar desde la 16\u00b0 colocaci\u00f3n hasta encontrarse con su primer triunfo en la categor\u00eda.<br \/>\nNada mejor para el \u201cGur\u00ed\u201d que volvi\u00f3 a demostrar su grandeza al volante aprovechando la mejor posici\u00f3n de salida para exprimir el potencial del Ford, apretar el acelerador y marcar el ritmo de la carrera.<br \/>\nSin sentir presi\u00f3n alguna de sus perseguidores, Mart\u00ednez recibi\u00f3 la bandera a cuadros delante de Juli\u00e1n Santero, quien aprovech\u00f3 los inconvenientes de Mauricio Lambiris para acceder al segundo lugar con el Chevrolet de Santiago Andreoli.<br \/>\nMart\u00edn Serrano complet\u00f3 el podio de invitados con la unidad de Facundo Della Motta para la alegr\u00eda del Dole Racing, que inaugur\u00f3 el 2017 con podio en ambas finales del TC Mouras.<br \/>\nLeonel Sotro remont\u00f3 desde la novena posici\u00f3n para terminar cuarto con el Ford de Javier Jack, delante de Nicol\u00e1s Bonelli (Agust\u00edn De Brabandere) y Sebasti\u00e1n Diruscio (Alonso Etchebest).<br \/>\nA la familia Ciantini la lluvia le agu\u00f3 la fiesta porque tanto Diego como Jos\u00e9 tuvieron que abandonar, pero para Su\u00e1rez pareci\u00f3 bendita en su bautismo triunfal que le permiti\u00f3 retirarse del aut\u00f3dromo de Mar de Aj\u00f3 como l\u00edder del campeonato.<br \/>\nLa pr\u00f3xima fecha de TC Mouras tambi\u00e9n ser\u00e1 con pilotos invitados. El 25 y 26 de febrero en el \u00abRoberto Mouras\u00bb de La Plata.<\/p>\n<p>&nbsp;<\/p>\n","protected":false},"excerpt":{"rendered":"<p>Contundente fue el triunfo de Omar Mart\u00ednez entre los invitados del TC Mouras en la primera fecha de la temporada, que se llev\u00f3 a cabo en el aut\u00f3dromo de Mar [&#8230;]<\/p>\n","protected":false},"author":2,"featured_media":16897,"comment_status":"open","ping_status":"open","sticky":false,"template":"","format":"standard","meta":{"footnotes":""},"categories":[5],"tags":[379,378,165,65],"_links":{"self":[{"href":"https:\/\/vertigomotorsport.com\/vm\/wp-json\/wp\/v2\/posts\/16896"}],"collection":[{"href":"https:\/\/vertigomotorsport.com\/vm\/wp-json\/wp\/v2\/posts"}],"about":[{"href":"https:\/\/vertigomotorsport.com\/vm\/wp-json\/wp\/v2\/types\/post"}],"author":[{"embeddable":true,"href":"https:\/\/vertigomotorsport.com\/vm\/wp-json\/wp\/v2\/users\/2"}],"replies":[{"embeddable":true,"href":"https:\/\/vertigomotorsport.com\/vm\/wp-json\/wp\/v2\/comments?post=16896"}],"version-history":[{"count":1,"href":"https:\/\/vertigomotorsport.com\/vm\/wp-json\/wp\/v2\/posts\/16896\/revisions"}],"predecessor-version":[{"id":16898,"href":"https:\/\/vertigomotorsport.com\/vm\/wp-json\/wp\/v2\/posts\/16896\/revisions\/16898"}],"wp:featuredmedia":[{"embeddable":true,"href":"https:\/\/vertigomotorsport.com\/vm\/wp-json\/wp\/v2\/media\/16897"}],"wp:attachment":[{"href":"https:\/\/vertigomotorsport.com\/vm\/wp-json\/wp\/v2\/media?parent=16896"}],"wp:term":[{"taxonomy":"category","embeddable":true,"href":"https:\/\/vertigomotorsport.com\/vm\/wp-json\/wp\/v2\/categories?post=16896"},{"taxonomy":"post_tag","embeddable":true,"href":"https:\/\/vertigomotorsport.com\/vm\/wp-json\/wp\/v2\/tags?post=16896"}],"curies":[{"name":"wp","href":"https:\/\/api.w.org\/{rel}","templated":true}]}}