{"id":36560,"date":"2021-04-02T15:51:07","date_gmt":"2021-04-02T18:51:07","guid":{"rendered":"http:\/\/vertigomotorsport.com\/vm\/?p=36560"},"modified":"2021-04-02T15:54:17","modified_gmt":"2021-04-02T18:54:17","slug":"suspendido-el-rally-de-castelli-2","status":"publish","type":"post","link":"https:\/\/vertigomotorsport.com\/vm\/2021\/04\/02\/suspendido-el-rally-de-castelli-2\/","title":{"rendered":"Suspendido el Rally de Castelli"},"content":{"rendered":"<p><strong>Como consecuencia del aumento de casos de Covid, fue suspendido el Rally de Castelli, programado para el 9, 10 y 11 de Abril.<\/strong><\/p>\n<p>En la v\u00edspera, la dirigencia del Rally Mar y Sierras recibi\u00f3 la comunicaci\u00f3n por parte de las autoridades de la ciudad de Castelli, ante el importante incremento de casos positivos en las \u00faltimas horas en el Distrito, el Intendente Municipal anunci\u00f3 la suspensi\u00f3n de eventos culturales, recreativos y deportivos para evitar contagios descontrolados.<br \/>\nDe esta manera desde la categor\u00eda se inform\u00f3 la postergaci\u00f3n de la tercera fecha del campeonato. En consecuencia, la dirigencia del Rally Mar y Sierras aguarda la reuni\u00f3n del comit\u00e9 de crisis de ese distrito, con el fin de determinar los pasos a seguir y reprogramaci\u00f3n de la competencia.<\/p>\n<p>&nbsp;<\/p>\n<p>(Foto: Rivero)<\/p>\n<p>&nbsp;<\/p>\n","protected":false},"excerpt":{"rendered":"<p>Como consecuencia del aumento de casos de Covid, fue suspendido el Rally de Castelli, programado para el 9, 10 y 11 de Abril. En la v\u00edspera, la dirigencia del Rally [&#8230;]<\/p>\n","protected":false},"author":2,"featured_media":36563,"comment_status":"open","ping_status":"open","sticky":false,"template":"","format":"standard","meta":{"footnotes":""},"categories":[1],"tags":[486,1587,7,104,592],"_links":{"self":[{"href":"https:\/\/vertigomotorsport.com\/vm\/wp-json\/wp\/v2\/posts\/36560"}],"collection":[{"href":"https:\/\/vertigomotorsport.com\/vm\/wp-json\/wp\/v2\/posts"}],"about":[{"href":"https:\/\/vertigomotorsport.com\/vm\/wp-json\/wp\/v2\/types\/post"}],"author":[{"embeddable":true,"href":"https:\/\/vertigomotorsport.com\/vm\/wp-json\/wp\/v2\/users\/2"}],"replies":[{"embeddable":true,"href":"https:\/\/vertigomotorsport.com\/vm\/wp-json\/wp\/v2\/comments?post=36560"}],"version-history":[{"count":3,"href":"https:\/\/vertigomotorsport.com\/vm\/wp-json\/wp\/v2\/posts\/36560\/revisions"}],"predecessor-version":[{"id":36564,"href":"https:\/\/vertigomotorsport.com\/vm\/wp-json\/wp\/v2\/posts\/36560\/revisions\/36564"}],"wp:featuredmedia":[{"embeddable":true,"href":"https:\/\/vertigomotorsport.com\/vm\/wp-json\/wp\/v2\/media\/36563"}],"wp:attachment":[{"href":"https:\/\/vertigomotorsport.com\/vm\/wp-json\/wp\/v2\/media?parent=36560"}],"wp:term":[{"taxonomy":"category","embeddable":true,"href":"https:\/\/vertigomotorsport.com\/vm\/wp-json\/wp\/v2\/categories?post=36560"},{"taxonomy":"post_tag","embeddable":true,"href":"https:\/\/vertigomotorsport.com\/vm\/wp-json\/wp\/v2\/tags?post=36560"}],"curies":[{"name":"wp","href":"https:\/\/api.w.org\/{rel}","templated":true}]}}