{"id":36684,"date":"2021-04-08T14:54:01","date_gmt":"2021-04-08T17:54:01","guid":{"rendered":"http:\/\/vertigomotorsport.com\/vm\/?p=36684"},"modified":"2021-04-08T16:31:19","modified_gmt":"2021-04-08T19:31:19","slug":"suspendida-la-carrera-de-apac-en-tandil","status":"publish","type":"post","link":"https:\/\/vertigomotorsport.com\/vm\/2021\/04\/08\/suspendida-la-carrera-de-apac-en-tandil\/","title":{"rendered":"Suspendida la carrera de APAC en Tandil"},"content":{"rendered":"<p><strong>Autoridades de la categor\u00eda APAC comunicaron hace algunos minutos, que la competencia de APAC, TC del Sudeste y Turismo Sport 1850, a llevarse a cabo este pr\u00f3ximo fin de semana en el circuito &#8216;La Cascada&#8217;, fue postergada por orden del Municipio de la ciudad de Tandil.<\/strong><\/p>\n<p>A ra\u00edz del DNU publicado por el Gobierno Nacional, referido a las medidas para combatir la nueva ola de coronavirus que atraviesa nuestro pa\u00eds, el Municipio orden\u00f3 la suspensi\u00f3n de la carrera del 10 y 11 de abril en las sierras.<\/p>\n<p>&nbsp;<\/p>\n","protected":false},"excerpt":{"rendered":"<p>Autoridades de la categor\u00eda APAC comunicaron hace algunos minutos, que la competencia de APAC, TC del Sudeste y Turismo Sport 1850, a llevarse a cabo este pr\u00f3ximo fin de semana [&#8230;]<\/p>\n","protected":false},"author":2,"featured_media":36686,"comment_status":"open","ping_status":"open","sticky":false,"template":"","format":"standard","meta":{"footnotes":""},"categories":[1],"tags":[19,7,592,14,41],"_links":{"self":[{"href":"https:\/\/vertigomotorsport.com\/vm\/wp-json\/wp\/v2\/posts\/36684"}],"collection":[{"href":"https:\/\/vertigomotorsport.com\/vm\/wp-json\/wp\/v2\/posts"}],"about":[{"href":"https:\/\/vertigomotorsport.com\/vm\/wp-json\/wp\/v2\/types\/post"}],"author":[{"embeddable":true,"href":"https:\/\/vertigomotorsport.com\/vm\/wp-json\/wp\/v2\/users\/2"}],"replies":[{"embeddable":true,"href":"https:\/\/vertigomotorsport.com\/vm\/wp-json\/wp\/v2\/comments?post=36684"}],"version-history":[{"count":8,"href":"https:\/\/vertigomotorsport.com\/vm\/wp-json\/wp\/v2\/posts\/36684\/revisions"}],"predecessor-version":[{"id":36693,"href":"https:\/\/vertigomotorsport.com\/vm\/wp-json\/wp\/v2\/posts\/36684\/revisions\/36693"}],"wp:featuredmedia":[{"embeddable":true,"href":"https:\/\/vertigomotorsport.com\/vm\/wp-json\/wp\/v2\/media\/36686"}],"wp:attachment":[{"href":"https:\/\/vertigomotorsport.com\/vm\/wp-json\/wp\/v2\/media?parent=36684"}],"wp:term":[{"taxonomy":"category","embeddable":true,"href":"https:\/\/vertigomotorsport.com\/vm\/wp-json\/wp\/v2\/categories?post=36684"},{"taxonomy":"post_tag","embeddable":true,"href":"https:\/\/vertigomotorsport.com\/vm\/wp-json\/wp\/v2\/tags?post=36684"}],"curies":[{"name":"wp","href":"https:\/\/api.w.org\/{rel}","templated":true}]}}