{"id":38161,"date":"2021-06-19T18:38:45","date_gmt":"2021-06-19T21:38:45","guid":{"rendered":"http:\/\/vertigomotorsport.com\/vm\/?p=38161"},"modified":"2021-06-19T18:39:51","modified_gmt":"2021-06-19T21:39:51","slug":"lionel-ugalde-no-corre-en-san-nicolas","status":"publish","type":"post","link":"https:\/\/vertigomotorsport.com\/vm\/2021\/06\/19\/lionel-ugalde-no-corre-en-san-nicolas\/","title":{"rendered":"Lionel Ugalde no corre en San Nicol\u00e1s"},"content":{"rendered":"<p><strong>Por ser contacto estrecho, el ex-campe\u00f3n de APAC, Lionel Mat\u00edas Ugalde debi\u00f3 volverse a Mar del Plata y se perder\u00e1 el sexto cap\u00edtulo del campeonato de Turismo Carretera.<\/strong><\/p>\n<p>Al llegar a la puerta del aut\u00f3dromo de la ciudad de San Nicol\u00e1s, donde la ACTC, produce el hisopado correspondiente, un colaborador del piloto marplatense dio positivo de Covid. Por tal motivo todo el grupo debi\u00f3 regresar a la ciudad de origen.<br \/>\nEn consecuencia, los protagonistas para el fin de semana en el extremo norte bonaerense con 45.<\/p>\n<p>&nbsp;<\/p>\n","protected":false},"excerpt":{"rendered":"<p>Por ser contacto estrecho, el ex-campe\u00f3n de APAC, Lionel Mat\u00edas Ugalde debi\u00f3 volverse a Mar del Plata y se perder\u00e1 el sexto cap\u00edtulo del campeonato de Turismo Carretera. Al llegar [&#8230;]<\/p>\n","protected":false},"author":2,"featured_media":38162,"comment_status":"open","ping_status":"open","sticky":false,"template":"","format":"standard","meta":{"footnotes":""},"categories":[5],"tags":[1587,7,1674,234,998,36,211],"_links":{"self":[{"href":"https:\/\/vertigomotorsport.com\/vm\/wp-json\/wp\/v2\/posts\/38161"}],"collection":[{"href":"https:\/\/vertigomotorsport.com\/vm\/wp-json\/wp\/v2\/posts"}],"about":[{"href":"https:\/\/vertigomotorsport.com\/vm\/wp-json\/wp\/v2\/types\/post"}],"author":[{"embeddable":true,"href":"https:\/\/vertigomotorsport.com\/vm\/wp-json\/wp\/v2\/users\/2"}],"replies":[{"embeddable":true,"href":"https:\/\/vertigomotorsport.com\/vm\/wp-json\/wp\/v2\/comments?post=38161"}],"version-history":[{"count":1,"href":"https:\/\/vertigomotorsport.com\/vm\/wp-json\/wp\/v2\/posts\/38161\/revisions"}],"predecessor-version":[{"id":38163,"href":"https:\/\/vertigomotorsport.com\/vm\/wp-json\/wp\/v2\/posts\/38161\/revisions\/38163"}],"wp:featuredmedia":[{"embeddable":true,"href":"https:\/\/vertigomotorsport.com\/vm\/wp-json\/wp\/v2\/media\/38162"}],"wp:attachment":[{"href":"https:\/\/vertigomotorsport.com\/vm\/wp-json\/wp\/v2\/media?parent=38161"}],"wp:term":[{"taxonomy":"category","embeddable":true,"href":"https:\/\/vertigomotorsport.com\/vm\/wp-json\/wp\/v2\/categories?post=38161"},{"taxonomy":"post_tag","embeddable":true,"href":"https:\/\/vertigomotorsport.com\/vm\/wp-json\/wp\/v2\/tags?post=38161"}],"curies":[{"name":"wp","href":"https:\/\/api.w.org\/{rel}","templated":true}]}}