{"id":38206,"date":"2021-06-21T18:35:52","date_gmt":"2021-06-21T21:35:52","guid":{"rendered":"http:\/\/vertigomotorsport.com\/vm\/?p=38206"},"modified":"2021-06-21T18:40:10","modified_gmt":"2021-06-21T21:40:10","slug":"pruebas-de-appk-en-olavarria","status":"publish","type":"post","link":"https:\/\/vertigomotorsport.com\/vm\/2021\/06\/21\/pruebas-de-appk-en-olavarria\/","title":{"rendered":"Pruebas de APPK, en Olavarr\u00eda"},"content":{"rendered":"<p><strong>Hoy, en el kart\u00f3dromo del AMCO, distintos protagonistas del Karting de APPK llevaron a cabo una jornada de ensayos. Cerca de 30 unidades giraron en el trazado olavarriense.<\/strong><\/p>\n<p>En una jornada nublada y fr\u00eda, la Asociaci\u00f3n Pilotos y Propietarios de Karting, desarroll\u00f3 una sesi\u00f3n de pruebas en el kart\u00f3dromo del Auto Moto Club Olavarr\u00eda. Cerca de 30 unidades de las diferentes divisionales, aceleraron en el circuito de la \u00abcapital del cemento\u00bb. Los ensayos se realizaron bajo un estricto protocolo y no se permiti\u00f3 el ingreso de p\u00fablico.<br \/>\nEl escenario se mostr\u00f3 firme, evolucionando con el correr de la tarde y terminando en muy buenas condiciones, merced al trabajo realizado en la semana previa. Por la cantidad de m\u00e1quinas, se dividi\u00f3 la actividad en tres grupos, dos integrados por karts con motorizaci\u00f3n 150cc y 125cc, y el restante para los de la categor\u00eda Escuela. Facundo Arellano, Axel Biscaichipy, Joaqu\u00edn Gonz\u00e1lez, Juan Carlos Omelaniuk y\u00a0Josefin Pen\u00e9, fueron algunos de los protagonistas presentes hoy, en Olavarr\u00eda.<br \/>\nDesde la Comisi\u00f3n Directiva de APPK, aseguraron que se seguir\u00e1 trabajando para continuar con m\u00e1s pruebas y ensayos.<\/p>\n<p>&nbsp;<\/p>\n<p><img loading=\"lazy\" decoding=\"async\" class=\"alignnone wp-image-38208 size-full\" src=\"http:\/\/vertigomotorsport.com\/vm\/wp-content\/uploads\/pruebas-20.jpg\" alt=\"\" width=\"556\" height=\"342\" srcset=\"https:\/\/vertigomotorsport.com\/vm\/wp-content\/uploads\/pruebas-20.jpg 556w, https:\/\/vertigomotorsport.com\/vm\/wp-content\/uploads\/pruebas-20-300x185.jpg 300w\" sizes=\"(max-width: 556px) 100vw, 556px\" \/><\/p>\n<p>&nbsp;<\/p>\n<p>(Fotos: Luciano Bustamante)<\/p>\n<p>&nbsp;<\/p>\n","protected":false},"excerpt":{"rendered":"<p>Hoy, en el kart\u00f3dromo del AMCO, distintos protagonistas del Karting de APPK llevaron a cabo una jornada de ensayos. Cerca de 30 unidades giraron en el trazado olavarriense. En una [&#8230;]<\/p>\n","protected":false},"author":2,"featured_media":38207,"comment_status":"open","ping_status":"open","sticky":false,"template":"","format":"standard","meta":{"footnotes":""},"categories":[1],"tags":[574,26,7,13,162,169],"_links":{"self":[{"href":"https:\/\/vertigomotorsport.com\/vm\/wp-json\/wp\/v2\/posts\/38206"}],"collection":[{"href":"https:\/\/vertigomotorsport.com\/vm\/wp-json\/wp\/v2\/posts"}],"about":[{"href":"https:\/\/vertigomotorsport.com\/vm\/wp-json\/wp\/v2\/types\/post"}],"author":[{"embeddable":true,"href":"https:\/\/vertigomotorsport.com\/vm\/wp-json\/wp\/v2\/users\/2"}],"replies":[{"embeddable":true,"href":"https:\/\/vertigomotorsport.com\/vm\/wp-json\/wp\/v2\/comments?post=38206"}],"version-history":[{"count":1,"href":"https:\/\/vertigomotorsport.com\/vm\/wp-json\/wp\/v2\/posts\/38206\/revisions"}],"predecessor-version":[{"id":38209,"href":"https:\/\/vertigomotorsport.com\/vm\/wp-json\/wp\/v2\/posts\/38206\/revisions\/38209"}],"wp:featuredmedia":[{"embeddable":true,"href":"https:\/\/vertigomotorsport.com\/vm\/wp-json\/wp\/v2\/media\/38207"}],"wp:attachment":[{"href":"https:\/\/vertigomotorsport.com\/vm\/wp-json\/wp\/v2\/media?parent=38206"}],"wp:term":[{"taxonomy":"category","embeddable":true,"href":"https:\/\/vertigomotorsport.com\/vm\/wp-json\/wp\/v2\/categories?post=38206"},{"taxonomy":"post_tag","embeddable":true,"href":"https:\/\/vertigomotorsport.com\/vm\/wp-json\/wp\/v2\/tags?post=38206"}],"curies":[{"name":"wp","href":"https:\/\/api.w.org\/{rel}","templated":true}]}}