{"id":38879,"date":"2021-07-20T10:55:04","date_gmt":"2021-07-20T13:55:04","guid":{"rendered":"http:\/\/vertigomotorsport.com\/vm\/?p=38879"},"modified":"2021-07-20T10:55:42","modified_gmt":"2021-07-20T13:55:42","slug":"retorno-con-gloria","status":"publish","type":"post","link":"https:\/\/vertigomotorsport.com\/vm\/2021\/07\/20\/retorno-con-gloria\/","title":{"rendered":"Retorno con gloria"},"content":{"rendered":"<p><strong>El fin de semana del 10 y 11 de julio, Nicol\u00e1s Rojas volvi\u00f3 a la Monomarca 1100 de APPS, con una destacad\u00edsima actuaci\u00f3n en el &#8216;Hermanos Emiliozzi&#8217; de Olavarr\u00eda. Fue tercero en la final v\u00e1lida por la tercera fecha, y se subi\u00f3 al escal\u00f3n m\u00e1s alto del podio en la segunda competencia del d\u00eda domingo, en el marco de la cuarta fecha de la especialidad.<\/strong><\/p>\n<p>El rentr\u00e9e de las divisionales del sudeste a la actividad, luego del parate por la segunda ola del COVID-19, fue por dem\u00e1s positivo. Tambi\u00e9n lo fue para Nicol\u00e1s Rojas, que retornaba en la cita, a la categor\u00eda de los 128. El joven olavarriense, quien se ven\u00eda desempe\u00f1ando en el Turismo Pista, acord\u00f3 su ingreso a la estructura de &#8216;Pancho&#8217; Traina en Azul, para pelear por los sitiales de punta en la Monomarca 1100.<br \/>\nEn el AMCO, el otrora kartista vivi\u00f3 una jornada espectacular. Luego de algunos d\u00edas de aqu\u00e9l maravilloso domingo \u00aben el patio de su casa\u00bb, Rojas dialog\u00f3 con V\u00e9rtigo Motorsport y coment\u00f3: \u00abS\u00faper feliz. Tuvimos un fin de semana so\u00f1ado. Es muy dif\u00edcil volver a una categor\u00eda como esta. La Monomarca est\u00e1 en un gran momento, muy competitiva, con muy buenos pilotos y muy buenos equipos, y haber podido hacer dos podios, inclusive poder ganar la segunda final (cuarta fecha), nos ha dejado s\u00faper contentos, y sorprendidos por el buen funcionamiento que tuvimos durante todo el fin de semana\u00bb.<br \/>\nLa habilidad conductiva y una herramienta acorde con el desaf\u00edo, permitieron a &#8216;Nico&#8217;, poder vencer en Olavarr\u00eda. \u00abNos entendimos muy bien con todo el equipo. Es la primera carrera que estoy con el equipo de Francisco Traina. Nosotros nos conoc\u00edamos de unos a\u00f1os atr\u00e1s, cuando hab\u00edamos compartido equipo, pero bueno con estos roles, \u00e9l como preparador y yo como piloto, es la primera vez. Haber podido funcionar de esta manera nos motiva much\u00edsimo, la verdad que es un sue\u00f1o, y m\u00e1s logrando una victoria como la del domingo en una categor\u00eda tan competitiva. Fue una final muy linda, pele\u00e1ndola hasta los \u00faltimos metros, llegando a la \u00faltima curva seis autos a la par. Estoy contento y entusiasmado de poder seguir por este camino\u00bb, cerr\u00f3 el volante olavarriense.<br \/>\nCon la buena cosecha de puntos en el &#8216;Hnos. Emiliozzi&#8217;, Rojas ya se encuentra octavo en el campeonato con 64 unidades.<\/p>\n<p>&nbsp;<\/p>\n<p><img loading=\"lazy\" decoding=\"async\" class=\"alignnone wp-image-38881 size-full\" src=\"http:\/\/vertigomotorsport.com\/vm\/wp-content\/uploads\/rojas.jpg\" alt=\"\" width=\"475\" height=\"450\" srcset=\"https:\/\/vertigomotorsport.com\/vm\/wp-content\/uploads\/rojas.jpg 475w, https:\/\/vertigomotorsport.com\/vm\/wp-content\/uploads\/rojas-300x284.jpg 300w\" sizes=\"(max-width: 475px) 100vw, 475px\" \/><\/p>\n<p>&nbsp;<\/p>\n<p>(Foto de portada: Miguelangel)<\/p>\n<p>&nbsp;<\/p>\n","protected":false},"excerpt":{"rendered":"<p>El fin de semana del 10 y 11 de julio, Nicol\u00e1s Rojas volvi\u00f3 a la Monomarca 1100 de APPS, con una destacad\u00edsima actuaci\u00f3n en el &#8216;Hermanos Emiliozzi&#8217; de Olavarr\u00eda. Fue [&#8230;]<\/p>\n","protected":false},"author":2,"featured_media":38880,"comment_status":"open","ping_status":"open","sticky":false,"template":"","format":"standard","meta":{"footnotes":""},"categories":[1],"tags":[161,7,133,1754,162],"_links":{"self":[{"href":"https:\/\/vertigomotorsport.com\/vm\/wp-json\/wp\/v2\/posts\/38879"}],"collection":[{"href":"https:\/\/vertigomotorsport.com\/vm\/wp-json\/wp\/v2\/posts"}],"about":[{"href":"https:\/\/vertigomotorsport.com\/vm\/wp-json\/wp\/v2\/types\/post"}],"author":[{"embeddable":true,"href":"https:\/\/vertigomotorsport.com\/vm\/wp-json\/wp\/v2\/users\/2"}],"replies":[{"embeddable":true,"href":"https:\/\/vertigomotorsport.com\/vm\/wp-json\/wp\/v2\/comments?post=38879"}],"version-history":[{"count":2,"href":"https:\/\/vertigomotorsport.com\/vm\/wp-json\/wp\/v2\/posts\/38879\/revisions"}],"predecessor-version":[{"id":38883,"href":"https:\/\/vertigomotorsport.com\/vm\/wp-json\/wp\/v2\/posts\/38879\/revisions\/38883"}],"wp:featuredmedia":[{"embeddable":true,"href":"https:\/\/vertigomotorsport.com\/vm\/wp-json\/wp\/v2\/media\/38880"}],"wp:attachment":[{"href":"https:\/\/vertigomotorsport.com\/vm\/wp-json\/wp\/v2\/media?parent=38879"}],"wp:term":[{"taxonomy":"category","embeddable":true,"href":"https:\/\/vertigomotorsport.com\/vm\/wp-json\/wp\/v2\/categories?post=38879"},{"taxonomy":"post_tag","embeddable":true,"href":"https:\/\/vertigomotorsport.com\/vm\/wp-json\/wp\/v2\/tags?post=38879"}],"curies":[{"name":"wp","href":"https:\/\/api.w.org\/{rel}","templated":true}]}}