{"id":39513,"date":"2021-08-18T09:21:20","date_gmt":"2021-08-18T12:21:20","guid":{"rendered":"http:\/\/vertigomotorsport.com\/vm\/?p=39513"},"modified":"2021-08-18T09:21:20","modified_gmt":"2021-08-18T12:21:20","slug":"la-sexta-fecha-sera-en-olavarria","status":"publish","type":"post","link":"https:\/\/vertigomotorsport.com\/vm\/2021\/08\/18\/la-sexta-fecha-sera-en-olavarria\/","title":{"rendered":"La sexta fecha ser\u00e1 en Olavarr\u00eda"},"content":{"rendered":"<p><strong>El TopRace confirm\u00f3 la 6\u00b0 fecha que ser\u00e1 en el Aut\u00f3dromo &#8216;Hermanos Emiliozzi&#8217; de Olavarr\u00eda y la continuidad del calendario 2021.<\/strong><\/p>\n<p>Estamos en la mitad del campeonato 2021 de TopRace. La primera parte del torneo ha quedado atr\u00e1s y nos espera la segunda mitad de un a\u00f1o altamente competitivo para las tres divisionales que tiene la categor\u00eda.<br \/>\nA partir de este momento la lucha por el t\u00edtulo en el TopRace V6, TopRace Series y TopRace Junior es un gran desaf\u00edo no solo para los equipos sino tambi\u00e9n para los pilotos que ven achicarse el margen de error en su deseo por obtener el campeonato 2021.<br \/>\nLa 6\u00b0 fecha ya se puede visualizar en el horizonte y luego de varias reuniones se logr\u00f3 concretar el regreso del TopRace al m\u00edtico e hist\u00f3rico Aut\u00f3dromo \u201cHermanos Emiliozzi\u201d de la ciudad de Olavarr\u00eda el 27, 28 y 29 de agosto en el Circuito N\u00b0 5. De esta forma la categor\u00eda desembarca en uno de los trazados m\u00e1s importantes que tiene el calendario automovil\u00edstico de nuestro pa\u00eds.<br \/>\nLa \u00faltima vez que la categor\u00eda visit\u00f3 Olavarr\u00eda fue el primero de septiembre del a\u00f1o 2019 cuando se disputaron dos finales del TopRace V6. Los triunfos quedaron en manos de Mat\u00edas Rossi con Toyota y Diego Azar con el Chevrolet. En el TopRace Series los ganadores fueron el chileno Benjam\u00edn Hites y Gast\u00f3n Pacioni. En el TopRace Junior la victoria fue para el sanjuanino Ariel Persia.<br \/>\nEn la \u201ccapital del cemento\u201d se pondr\u00e1 en marcha la segunda y \u00faltima parte de un apasionante campeonato 2021 que ya tiene confirmado el resto del Calendario hasta el final de la temporada.<br \/>\nLos pr\u00f3ximos compromisos ser\u00e1n:<br \/>\n7\u00b0 fecha el 18 y 19 de septiembre (Con pilotos invitados para el TopRace Series) en el Aut\u00f3dromo de Buenos Aires.<br \/>\n8\u00b0 fecha el 16 y 17 de octubre (Con pilotos invitados para el TRV6) en el Aut\u00f3dromo de Buenos Aires.<br \/>\n9\u00b0 fecha el 20 y 21 de noviembre \u201cEl Villicum\u201d-San Juan<br \/>\n10\u00b0 fecha el 18 y 19 de diciembre Premio Coronaci\u00f3n en el Aut\u00f3dromo de Concepci\u00f3n del Uruguay, Entre R\u00edos.<br \/>\nLa pr\u00f3xima cita ser\u00e1 el \u00faltimo fin de semana de agosto en el que se comenzar\u00e1 a definir cosas importantes en cada uno de los campeonatos.<\/p>\n<p>&nbsp;<\/p>\n","protected":false},"excerpt":{"rendered":"<p>El TopRace confirm\u00f3 la 6\u00b0 fecha que ser\u00e1 en el Aut\u00f3dromo &#8216;Hermanos Emiliozzi&#8217; de Olavarr\u00eda y la continuidad del calendario 2021. Estamos en la mitad del campeonato 2021 de TopRace. [&#8230;]<\/p>\n","protected":false},"author":2,"featured_media":39514,"comment_status":"open","ping_status":"open","sticky":false,"template":"","format":"standard","meta":{"footnotes":""},"categories":[5],"tags":[574,7,162,121],"_links":{"self":[{"href":"https:\/\/vertigomotorsport.com\/vm\/wp-json\/wp\/v2\/posts\/39513"}],"collection":[{"href":"https:\/\/vertigomotorsport.com\/vm\/wp-json\/wp\/v2\/posts"}],"about":[{"href":"https:\/\/vertigomotorsport.com\/vm\/wp-json\/wp\/v2\/types\/post"}],"author":[{"embeddable":true,"href":"https:\/\/vertigomotorsport.com\/vm\/wp-json\/wp\/v2\/users\/2"}],"replies":[{"embeddable":true,"href":"https:\/\/vertigomotorsport.com\/vm\/wp-json\/wp\/v2\/comments?post=39513"}],"version-history":[{"count":1,"href":"https:\/\/vertigomotorsport.com\/vm\/wp-json\/wp\/v2\/posts\/39513\/revisions"}],"predecessor-version":[{"id":39515,"href":"https:\/\/vertigomotorsport.com\/vm\/wp-json\/wp\/v2\/posts\/39513\/revisions\/39515"}],"wp:featuredmedia":[{"embeddable":true,"href":"https:\/\/vertigomotorsport.com\/vm\/wp-json\/wp\/v2\/media\/39514"}],"wp:attachment":[{"href":"https:\/\/vertigomotorsport.com\/vm\/wp-json\/wp\/v2\/media?parent=39513"}],"wp:term":[{"taxonomy":"category","embeddable":true,"href":"https:\/\/vertigomotorsport.com\/vm\/wp-json\/wp\/v2\/categories?post=39513"},{"taxonomy":"post_tag","embeddable":true,"href":"https:\/\/vertigomotorsport.com\/vm\/wp-json\/wp\/v2\/tags?post=39513"}],"curies":[{"name":"wp","href":"https:\/\/api.w.org\/{rel}","templated":true}]}}