{"id":39852,"date":"2021-09-01T21:00:43","date_gmt":"2021-09-02T00:00:43","guid":{"rendered":"http:\/\/vertigomotorsport.com\/vm\/?p=39852"},"modified":"2021-09-01T21:00:43","modified_gmt":"2021-09-02T00:00:43","slug":"pruebas-de-appk-en-olavarria-2","status":"publish","type":"post","link":"https:\/\/vertigomotorsport.com\/vm\/2021\/09\/01\/pruebas-de-appk-en-olavarria-2\/","title":{"rendered":"Pruebas de APPK en Olavarr\u00eda"},"content":{"rendered":"<p><strong>El pr\u00f3ximo domingo 5 de septiembre se realizar\u00e1n ensayos libres en el kart\u00f3dromo del Autom\u00f3vil Moto Club Olavarr\u00eda (AMCO) enclavado en la avenida Dante y Torcuato Emiliozzi, de las capital del cemento.<\/strong><\/p>\n<p>Las mismas se desarrollar\u00e1n en el horario de 13 a 18 horas. Recordemos que estas pruebas como en la competencia que se disputar\u00e1 el s\u00e1bado 18 y domingo 19, se estar\u00e1 girando en sentido antihorario.<\/p>\n<p>&nbsp;<\/p>\n","protected":false},"excerpt":{"rendered":"<p>El pr\u00f3ximo domingo 5 de septiembre se realizar\u00e1n ensayos libres en el kart\u00f3dromo del Autom\u00f3vil Moto Club Olavarr\u00eda (AMCO) enclavado en la avenida Dante y Torcuato Emiliozzi, de las capital [&#8230;]<\/p>\n","protected":false},"author":2,"featured_media":39853,"comment_status":"open","ping_status":"open","sticky":false,"template":"","format":"standard","meta":{"footnotes":""},"categories":[1],"tags":[574,26,7,13,162,169],"_links":{"self":[{"href":"https:\/\/vertigomotorsport.com\/vm\/wp-json\/wp\/v2\/posts\/39852"}],"collection":[{"href":"https:\/\/vertigomotorsport.com\/vm\/wp-json\/wp\/v2\/posts"}],"about":[{"href":"https:\/\/vertigomotorsport.com\/vm\/wp-json\/wp\/v2\/types\/post"}],"author":[{"embeddable":true,"href":"https:\/\/vertigomotorsport.com\/vm\/wp-json\/wp\/v2\/users\/2"}],"replies":[{"embeddable":true,"href":"https:\/\/vertigomotorsport.com\/vm\/wp-json\/wp\/v2\/comments?post=39852"}],"version-history":[{"count":1,"href":"https:\/\/vertigomotorsport.com\/vm\/wp-json\/wp\/v2\/posts\/39852\/revisions"}],"predecessor-version":[{"id":39854,"href":"https:\/\/vertigomotorsport.com\/vm\/wp-json\/wp\/v2\/posts\/39852\/revisions\/39854"}],"wp:featuredmedia":[{"embeddable":true,"href":"https:\/\/vertigomotorsport.com\/vm\/wp-json\/wp\/v2\/media\/39853"}],"wp:attachment":[{"href":"https:\/\/vertigomotorsport.com\/vm\/wp-json\/wp\/v2\/media?parent=39852"}],"wp:term":[{"taxonomy":"category","embeddable":true,"href":"https:\/\/vertigomotorsport.com\/vm\/wp-json\/wp\/v2\/categories?post=39852"},{"taxonomy":"post_tag","embeddable":true,"href":"https:\/\/vertigomotorsport.com\/vm\/wp-json\/wp\/v2\/tags?post=39852"}],"curies":[{"name":"wp","href":"https:\/\/api.w.org\/{rel}","templated":true}]}}