{"id":41251,"date":"2021-11-10T10:03:54","date_gmt":"2021-11-10T13:03:54","guid":{"rendered":"http:\/\/vertigomotorsport.com\/vm\/?p=41251"},"modified":"2021-11-10T10:40:32","modified_gmt":"2021-11-10T13:40:32","slug":"actividad-zonal-en-la-bota","status":"publish","type":"post","link":"https:\/\/vertigomotorsport.com\/vm\/2021\/11\/10\/actividad-zonal-en-la-bota\/","title":{"rendered":"Actividad zonal en La Bota"},"content":{"rendered":"<p><strong>El pasado fin de semana, la F\u00f3rmula Azul y la Promocional del Centro aceleraron en el trazado del Club Estudiantes de Olavarr\u00eda. Victorias de Luis Bossi y Natalio Jug\u00f3n, en los monoplazas, y de Braian Straquadaini (por dos) en la Promo.<\/strong><\/p>\n<p>Intenso domingo de automovilismo en el circuito &#8216;Dante y Torcuato Emiliozzi&#8217; olavarriense, con la s\u00e9ptima y octava fecha de la F\u00f3rmula Azul, y el octavo y noveno cap\u00edtulo para la Promocional, las dos categor\u00edas fiscalizadas por la FRAD N\u00b03 del Centro.<br \/>\nEn la divisional de monopostos, el triunfo en la fecha siete le correspondi\u00f3 a Luis Bossi, segundo fue Exequiel Pomphile y tercero Oscar Ilarregui. En el octavo compromiso, Natalio Jug\u00f3n, que hab\u00eda estado complicado en la final de la fecha anterior, se alz\u00f3 con una valiosa conquista. Aqu\u00ed, Luis Bossi y Miguel Panelo completaron el podio. Quince unidades fueron de la partida en este nuevo show de la F\u00f3rmula Azul.<br \/>\nEn la Promo, que present\u00f3 veinte autos en pista, Braian Stracquadaini fue contundente. Gan\u00f3 la clasificaci\u00f3n, las series y las finales de las dos fechas. El Fiat del azule\u00f1o fue imparable en &#8216;La Bota&#8217; olavarriense. En la competencia final v\u00e1lida por la octava fecha, el tandilense Nicol\u00e1s Lappano fue segundo a poco m\u00e1s de seis segundos del vencedor. M\u00e1s atr\u00e1s arribaron Salamein Ojeda, Picone, L\u00f3pez y compa\u00f1\u00eda. En la fecha nueve, como ya relatamos, fue victoria de Stracquadaini. Aqu\u00ed fue segundo Alejandro Buonanducci y tercero el otrora volante de APAC, Gonzalo Picone. Rojas y Gar\u00edn completaron el top five.<br \/>\nEl campeonato de la Promocional del Centro es liderado por &#8216;Nico&#8217; Lappano. El serrano suma 143 unidades, 23 m\u00e1s que su inmediato perseguidor Jorge Streitemberger, que tuvo un complicado fin de semana en Olavarr\u00eda.<\/p>\n<p>&nbsp;<\/p>\n<p>(Foto: Jos\u00e9 Luis Dechiara)<\/p>\n<p>&nbsp;<\/p>\n","protected":false},"excerpt":{"rendered":"<p>El pasado fin de semana, la F\u00f3rmula Azul y la Promocional del Centro aceleraron en el trazado del Club Estudiantes de Olavarr\u00eda. Victorias de Luis Bossi y Natalio Jug\u00f3n, en [&#8230;]<\/p>\n","protected":false},"author":2,"featured_media":41252,"comment_status":"open","ping_status":"open","sticky":false,"template":"","format":"standard","meta":{"footnotes":""},"categories":[1],"tags":[7,1337,1319,162,1336],"_links":{"self":[{"href":"https:\/\/vertigomotorsport.com\/vm\/wp-json\/wp\/v2\/posts\/41251"}],"collection":[{"href":"https:\/\/vertigomotorsport.com\/vm\/wp-json\/wp\/v2\/posts"}],"about":[{"href":"https:\/\/vertigomotorsport.com\/vm\/wp-json\/wp\/v2\/types\/post"}],"author":[{"embeddable":true,"href":"https:\/\/vertigomotorsport.com\/vm\/wp-json\/wp\/v2\/users\/2"}],"replies":[{"embeddable":true,"href":"https:\/\/vertigomotorsport.com\/vm\/wp-json\/wp\/v2\/comments?post=41251"}],"version-history":[{"count":1,"href":"https:\/\/vertigomotorsport.com\/vm\/wp-json\/wp\/v2\/posts\/41251\/revisions"}],"predecessor-version":[{"id":41253,"href":"https:\/\/vertigomotorsport.com\/vm\/wp-json\/wp\/v2\/posts\/41251\/revisions\/41253"}],"wp:featuredmedia":[{"embeddable":true,"href":"https:\/\/vertigomotorsport.com\/vm\/wp-json\/wp\/v2\/media\/41252"}],"wp:attachment":[{"href":"https:\/\/vertigomotorsport.com\/vm\/wp-json\/wp\/v2\/media?parent=41251"}],"wp:term":[{"taxonomy":"category","embeddable":true,"href":"https:\/\/vertigomotorsport.com\/vm\/wp-json\/wp\/v2\/categories?post=41251"},{"taxonomy":"post_tag","embeddable":true,"href":"https:\/\/vertigomotorsport.com\/vm\/wp-json\/wp\/v2\/tags?post=41251"}],"curies":[{"name":"wp","href":"https:\/\/api.w.org\/{rel}","templated":true}]}}