{"id":41657,"date":"2021-11-29T19:42:08","date_gmt":"2021-11-29T22:42:08","guid":{"rendered":"http:\/\/vertigomotorsport.com\/vm\/?p=41657"},"modified":"2021-11-29T19:50:07","modified_gmt":"2021-11-29T22:50:07","slug":"apac-2022-con-mar-del-plata-y-balcarce","status":"publish","type":"post","link":"https:\/\/vertigomotorsport.com\/vm\/2021\/11\/29\/apac-2022-con-mar-del-plata-y-balcarce\/","title":{"rendered":"APAC 2022, con Mar del Plata y Balcarce"},"content":{"rendered":"<p><strong>En el borrador que ha confeccionado la dirigencia de la Asociaci\u00f3n Propietarios de Autos de Competici\u00f3n (APAC), el Aut\u00f3dromo Ciudad de Mar del Plata y el Juan Manuel Fangio de Balcarce figuran en el precalendario 2022. Once fechas presentar\u00eda el certamen del a\u00f1o pr\u00f3ximo, con Tandil, Rauch, Lober\u00eda, C. Vidal y varias propuestas especiales con pilotos invitados.<\/strong><\/p>\n<p>La CD de APAC ha planificado un borrador con las opciones 2022 que transitar\u00e1 la legendaria categor\u00eda. Una nueva alternativa presentar\u00eda el a\u00f1o pr\u00f3ximo el Grupo Mar y Sierras, integrando en el ejercicio, escenarios de asfalto como el Aut\u00f3dromo de Mar del Plata y el Juan Manuel Fangio de Balcarce. El acto inaugural ser\u00eda el 6 de Marzo en la ciudad balnearia y el 3 de Abril el segundo cap\u00edtulo en el circuito \u00abLa Cascada\u00bb de Tandil.<\/p>\n<p>A continuaci\u00f3n las posibles opciones para el periplo 2022:<br \/>\n6\/3 Aut\u00f3dromo de Mar del Plata-Carrera especial APAC \u00abA\u00bb y \u00abB\u00bb.<br \/>\n3\/4 La Cascada de Tandil-Esp. APAC \u201cB\u201d .<br \/>\n1\/5 Parque Juan Silva-Rauch-Especial APAC \u201cA\u201d<br \/>\n29\/5 Arbolito Coronel Vidal-Especial APAC \u201cB\u201d<br \/>\n19\/6 La Virgen del Camino de Lober\u00eda-Esp. APAC \u00abA\u00bb<br \/>\n10\/7 La Cascada de Tandil- Especial \u2013 APAC \u201cB\u201d<br \/>\n7\/8 Juan Manuel Fangio-Balcarce<br \/>\n4\/9 Arbolito Coronel Vidal-Especial APAC \u201cA\u00bb<br \/>\n2\/10 Parque Juan Silva-Rauch-Esp. APAC \u201cB\u201d<br \/>\n30\/10 La Cascada de Tandil-Especial APAC \u201cA\u201d<br \/>\n20\/11 Premio Coronaci\u00f3n-Escenario a confirmar<\/p>\n<p>&nbsp;<\/p>\n","protected":false},"excerpt":{"rendered":"<p>En el borrador que ha confeccionado la dirigencia de la Asociaci\u00f3n Propietarios de Autos de Competici\u00f3n (APAC), el Aut\u00f3dromo Ciudad de Mar del Plata y el Juan Manuel Fangio de [&#8230;]<\/p>\n","protected":false},"author":2,"featured_media":36218,"comment_status":"open","ping_status":"open","sticky":false,"template":"","format":"standard","meta":{"footnotes":""},"categories":[1],"tags":[19,258,79,1100,7,75,234,125,14,38,41],"_links":{"self":[{"href":"https:\/\/vertigomotorsport.com\/vm\/wp-json\/wp\/v2\/posts\/41657"}],"collection":[{"href":"https:\/\/vertigomotorsport.com\/vm\/wp-json\/wp\/v2\/posts"}],"about":[{"href":"https:\/\/vertigomotorsport.com\/vm\/wp-json\/wp\/v2\/types\/post"}],"author":[{"embeddable":true,"href":"https:\/\/vertigomotorsport.com\/vm\/wp-json\/wp\/v2\/users\/2"}],"replies":[{"embeddable":true,"href":"https:\/\/vertigomotorsport.com\/vm\/wp-json\/wp\/v2\/comments?post=41657"}],"version-history":[{"count":3,"href":"https:\/\/vertigomotorsport.com\/vm\/wp-json\/wp\/v2\/posts\/41657\/revisions"}],"predecessor-version":[{"id":41660,"href":"https:\/\/vertigomotorsport.com\/vm\/wp-json\/wp\/v2\/posts\/41657\/revisions\/41660"}],"wp:featuredmedia":[{"embeddable":true,"href":"https:\/\/vertigomotorsport.com\/vm\/wp-json\/wp\/v2\/media\/36218"}],"wp:attachment":[{"href":"https:\/\/vertigomotorsport.com\/vm\/wp-json\/wp\/v2\/media?parent=41657"}],"wp:term":[{"taxonomy":"category","embeddable":true,"href":"https:\/\/vertigomotorsport.com\/vm\/wp-json\/wp\/v2\/categories?post=41657"},{"taxonomy":"post_tag","embeddable":true,"href":"https:\/\/vertigomotorsport.com\/vm\/wp-json\/wp\/v2\/tags?post=41657"}],"curies":[{"name":"wp","href":"https:\/\/api.w.org\/{rel}","templated":true}]}}