{"id":41662,"date":"2021-11-29T20:37:24","date_gmt":"2021-11-29T23:37:24","guid":{"rendered":"http:\/\/vertigomotorsport.com\/vm\/?p=41662"},"modified":"2021-11-29T20:37:24","modified_gmt":"2021-11-29T23:37:24","slug":"di-todo-nada-que-reprochar","status":"publish","type":"post","link":"https:\/\/vertigomotorsport.com\/vm\/2021\/11\/29\/di-todo-nada-que-reprochar\/","title":{"rendered":"\u00abDi todo, nada que reprochar\u00bb"},"content":{"rendered":"<p><strong>En una carrera apasionante del S\u00faper TC2000 -corrida bajo una copiosa lluvia en el \u201cOscar y Juan G\u00e1lvez\u201d- el campe\u00f3n 2019, Leonel Pern\u00eda, brind\u00f3 una gran batalla que lo dej\u00f3 con el segundo lugar de la final, sin embargo, no pudo descontar los puntos necesarios para poder coronarse.<\/strong><\/p>\n<p>El S\u00faper TC2000 cerr\u00f3 al a\u00f1o 2021 con un gran espect\u00e1culo y un final de campeonato vibrante. Con mucho p\u00fablico presente en el \u201cColiseo Porte\u00f1o\u201d -a pesar de las inclemencias clim\u00e1ticas- y Renault luchando por otro t\u00edtulo de pilotos hasta la \u00faltima vuelta. Ese esfuerzo supremo de Leonel Pern\u00eda jugando al l\u00edmite en una pista con mucha agua, esta vez no alcanz\u00f3 y lo dej\u00f3 al de Tandil a las puertas de repetir el t\u00edtulo de 2019.<br \/>\nPern\u00eda deb\u00eda ganar la final de ayer y que, adem\u00e1s, su rival directo llegara detr\u00e1s del quinto lugar -o bien completar un 1-2 con alguno de sus compa\u00f1eros-. El auto #3 parti\u00f3 desde la posici\u00f3n n\u00famero cinco de largada y salt\u00f3 a la punta en la primera vuelta\u2026 sin embargo una pista con poca adherencia lo dej\u00f3 descolocado al defender la posici\u00f3n y lo deposit\u00f3 en el s\u00e9ptimo lugar al cerrar ese primer giro. Desde all\u00ed, a medida que la lluvia se hac\u00eda m\u00e1s intensa, recort\u00f3 diferencias con gran decisi\u00f3n -protagoniz\u00f3 maniobras de alta escuela para superar a Canapino- pero no pudo dar alcance del puntero. Leonel dio todo y no se guard\u00f3 nada, queda el sinsabor porque no bast\u00f3 todo el esfuerzo, pero tambi\u00e9n la inequ\u00edvoca tranquilidad de haber hecho un gran a\u00f1o y donde tuvo reales posibilidades de coronars hasta la vuelta final.<br \/>\n\u201cDi todo. Nada que reprochar. Orgulloso de todo mi equipo, de todo el Renault Castrol Team que siempre -a lo largo de toda de mi carrera deportiva- me dieron lo mejor y lo siguen haciendo. Fue na carrera dura, donde la ventaja que obtuve en la salida la perd\u00ed cuando qued\u00e9 con poca pista en una maniobra al l\u00edmite, despu\u00e9s empez\u00f3 a llover y nuestro auto se mostr\u00f3 m\u00e1s c\u00f3modo en esa situaci\u00f3n, pero el andar de Canapino tambi\u00e9n fue muy s\u00f3lido y defendi\u00f3 muy bien su posici\u00f3n. Me voy conforme a casa, hice todo lo que estaba a mi alcance y tuve el enorme apoyo de mi familia, mi padre y mis afectos y eso reconforta. Hasta \u00faltimo momento demostramos porqu\u00e9 somos un equipo protagonista que nunca baja los brazos\u201d, expres\u00f3 el &#8216;Tanito&#8217;, culminada la carrera.<br \/>\nEl campeonato termin\u00f3 coronando a Agust\u00edn Canapino, con 221pts. Leonel Pern\u00eda qued\u00f3 segundo con 213 unidades.<\/p>\n<p>&nbsp;<\/p>\n","protected":false},"excerpt":{"rendered":"<p>En una carrera apasionante del S\u00faper TC2000 -corrida bajo una copiosa lluvia en el \u201cOscar y Juan G\u00e1lvez\u201d- el campe\u00f3n 2019, Leonel Pern\u00eda, brind\u00f3 una gran batalla que lo dej\u00f3 [&#8230;]<\/p>\n","protected":false},"author":2,"featured_media":41663,"comment_status":"open","ping_status":"open","sticky":false,"template":"","format":"standard","meta":{"footnotes":""},"categories":[5],"tags":[7,1744,202,30],"_links":{"self":[{"href":"https:\/\/vertigomotorsport.com\/vm\/wp-json\/wp\/v2\/posts\/41662"}],"collection":[{"href":"https:\/\/vertigomotorsport.com\/vm\/wp-json\/wp\/v2\/posts"}],"about":[{"href":"https:\/\/vertigomotorsport.com\/vm\/wp-json\/wp\/v2\/types\/post"}],"author":[{"embeddable":true,"href":"https:\/\/vertigomotorsport.com\/vm\/wp-json\/wp\/v2\/users\/2"}],"replies":[{"embeddable":true,"href":"https:\/\/vertigomotorsport.com\/vm\/wp-json\/wp\/v2\/comments?post=41662"}],"version-history":[{"count":1,"href":"https:\/\/vertigomotorsport.com\/vm\/wp-json\/wp\/v2\/posts\/41662\/revisions"}],"predecessor-version":[{"id":41664,"href":"https:\/\/vertigomotorsport.com\/vm\/wp-json\/wp\/v2\/posts\/41662\/revisions\/41664"}],"wp:featuredmedia":[{"embeddable":true,"href":"https:\/\/vertigomotorsport.com\/vm\/wp-json\/wp\/v2\/media\/41663"}],"wp:attachment":[{"href":"https:\/\/vertigomotorsport.com\/vm\/wp-json\/wp\/v2\/media?parent=41662"}],"wp:term":[{"taxonomy":"category","embeddable":true,"href":"https:\/\/vertigomotorsport.com\/vm\/wp-json\/wp\/v2\/categories?post=41662"},{"taxonomy":"post_tag","embeddable":true,"href":"https:\/\/vertigomotorsport.com\/vm\/wp-json\/wp\/v2\/tags?post=41662"}],"curies":[{"name":"wp","href":"https:\/\/api.w.org\/{rel}","templated":true}]}}