{"id":42370,"date":"2022-01-11T10:32:40","date_gmt":"2022-01-11T13:32:40","guid":{"rendered":"http:\/\/vertigomotorsport.com\/vm\/?p=42370"},"modified":"2022-01-11T10:32:40","modified_gmt":"2022-01-11T13:32:40","slug":"giniel-de-villiers-y-toyota-demoledores","status":"publish","type":"post","link":"https:\/\/vertigomotorsport.com\/vm\/2022\/01\/11\/giniel-de-villiers-y-toyota-demoledores\/","title":{"rendered":"Giniel De Villiers y Toyota, demoledores"},"content":{"rendered":"<p><strong>El sudafricano logr\u00f3 su primer halago en este Dakar con la Hilux, dentro de la divisional Autos. Lategan y Al-Attiyah lo siguieron. Terranova, 13\u00b0, fue el mejor argentino. En Motos, el chileno Cornejo gan\u00f3 la Etapa 9, un bucle en Wadi Ad Dawasir, y se meti\u00f3 en el top diez. Kevin Benavides lo escolt\u00f3 y Walkner, 4\u00b0, lidera la General. El cordob\u00e9s Pablo Copetti venci\u00f3 Quads y le reban\u00f3 m\u00e1s de seis minutos a Giroud en la General. Moreno arrib\u00f3 3\u00b0. En Camiones, se impuso en ruso Nikolaev, y Quintero gan\u00f3 otra vez en Prototipo Ligero.<\/strong><\/p>\n<p><strong>De Villiers comand\u00f3 el 1-2-3 de Toyota<\/strong><br \/>\nDespu\u00e9s de las pol\u00e9micas que se generaron con Giniel De Villiers en las primeras etapas de esta 44\u00aa edici\u00f3n del Dakar, con sendos incidentes con motociclistas, el sudafricano consigui\u00f3 su primer triunfo (18\u00b0 personal) en la Etapa 9, la que recorri\u00f3 287 kil\u00f3metros en Wadi Ad Dawasir.<br \/>\nEl piloto de Toyota encabez\u00f3 el triplete de la marca con un tiempo de 2h23m08 y super\u00f3 a su compa\u00f1ero de equipo, Henk Lategan, por solo nueve segundos. El otro integrante de la escuadra, Nasser Al-Attiyah, culmin\u00f3 a 1m04 y contin\u00faa al frente de la General, con casi 40 minutos de ventaja sobre S\u00e9bastien Loeb, 5\u00b0 en el d\u00eda de hoy con el Hunter del equipo BRX.<br \/>\nSu coequipier, Orly Terranova, fue el mejor argentino de la jornada al finalizar en el 13\u00b0 puesto, a cinco minutos y medio de De Villiers, mientras que Sebasti\u00e1n Halpern se acomod\u00f3 15\u00b0, a 7m14, y Lucio \u00c1lvarez concluy\u00f3 18\u00b0, a 9m34. Los Yacopini, Juan Cruz y Alejandro, con la Hilux, se ubicaron en la 31\u00aa posici\u00f3n, a 21m34.<\/p>\n<p><strong>Cornejo se anot\u00f3 un nuevo triunfo con la Honda<\/strong><br \/>\nEl chileno gan\u00f3 la Etapa 9, un bucle en Wadi Ad Dawasir, y se meti\u00f3 en el top diez. Kevin lo escolt\u00f3 y Walkner, 4\u00b0, lidera la General.<br \/>\nJos\u00e9 Ignacio Cornejo le dio una nueva victoria a Honda en el Dakar 2022 al vencer en la Etapa 9, de 287 kil\u00f3metros con salida y llegada a Wadi Ad Dawasir, lo que le permiti\u00f3 quedar en el noveno puesto de la General, a 32 minutos y medio de la punta.<br \/>\nEl chileno complet\u00f3 el tramo especial en 2h29m30 con la Honda del equipo Monster Energy y super\u00f3 por solo 1m26 a Kevin Benavides, quien cumpli\u00f3 con una excelente producci\u00f3n al mando de la KTM. El salte\u00f1o se ubica en la quinta posici\u00f3n de la General, a solo 10m22 del nuevo l\u00edder provisional, su compa\u00f1ero Matthias Walkner, 4\u00b0 en la jornada de hoy.<br \/>\nLuciano Benavides lleg\u00f3 en el 7\u00b0 lugar, con la Husqvarna, a 4m21 de Cornejo, y est\u00e1 14\u00b0 en la General, a m\u00e1s de 54 minutos. Diego Llanos, con la KTM, termin\u00f3 20\u00b0, a 10m24 del trasandino, mientras que Diego Noras arrib\u00f3 61\u00b0, a casi 46 minutos.<\/p>\n<p><strong>Copetti se llev\u00f3 la Etapa 9 y recort\u00f3<\/strong><br \/>\nEn el mano a mano que mantiene con el franc\u00e9s Alexandre Giroud por el t\u00edtulo, Pablo Copetti gan\u00f3 el noveno round y se prepara para el ataque final en las \u00faltimas tres etapas de esta edici\u00f3n 2022 del Dakar.<br \/>\nEl cordob\u00e9s se impuso en el bucle de 287 kil\u00f3metros con salida y llegada en Wadi Ad Dawasir, con un registro de 3h18m58, y le acort\u00f3 m\u00e1s de seis minutos al galo, escolta en la Etapa 9, en la General.<br \/>\nFrancisco Moreno, el otro argentino que est\u00e1 realizando un fant\u00e1stico papel en su debut en la especialidad, termin\u00f3 en la tercera colocaci\u00f3n, a 9m05 de su coterr\u00e1neo, y se ubica cuarto en la General, a solo 40 segundos del polaco Kamil Wisniewski.<\/p>\n<p><strong>Nikolaev domin\u00f3 la Etapa 9 en Wadi Ad Dawasir<\/strong><br \/>\nEn la Etapa 9, de 287 kil\u00f3metros en Wadi Ad Dawasir, Eduard Nikolaev venci\u00f3 con el Kamaz N\u00b0505 y la escuadra rusa mantiene el invicto en triunfos en lo que va de competencia.<br \/>\nEl ruso, cuatro veces campe\u00f3n como piloto, se impuso en 2h38m43 y dobleg\u00f3 por m\u00e1s de dos minutos y medio a Dmitry Sotnikov, quien se mantiene al frente de la General, con casi nueve minutos de ventaja sobre Nikolaev.<br \/>\nMartin Macik se mezcl\u00f3 entre los Kamaz al finalizar en el tercer lugar, mientras que el chileno Ignacio Casale hizo un gran trabajo al culminar quinto, a 4m13.<br \/>\nEl Pato Silva no fue de la partida, ya que el equipo Puma Energy Team se encuentra trabajando sobre el Man, y espera poder reengarcharse ma\u00f1ana.<\/p>\n<p><strong>S\u00e9ptimo triunfo en fila para Quintero<\/strong><br \/>\nEl estadounidense sum\u00f3 la octava victoria personal en este Dakar, en la categor\u00eda Prototipo Ligero. \u00c1lvarez Castellano lleg\u00f3 8\u00b0 y est\u00e1 3\u00b0 en la General. En SSV, Marek Goczal venci\u00f3 con el Can-Am en 3h00m52 y super\u00f3 por 58 segundos a Austin Jones, quien se afirma en la cima de la General.<\/p>\n<p>&nbsp;<\/p>\n<p>(Fuente: Campeones)<\/p>\n<p>&nbsp;<\/p>\n","protected":false},"excerpt":{"rendered":"<p>El sudafricano logr\u00f3 su primer halago en este Dakar con la Hilux, dentro de la divisional Autos. Lategan y Al-Attiyah lo siguieron. Terranova, 13\u00b0, fue el mejor argentino. En Motos, [&#8230;]<\/p>\n","protected":false},"author":2,"featured_media":42371,"comment_status":"open","ping_status":"open","sticky":false,"template":"","format":"standard","meta":{"footnotes":""},"categories":[4],"tags":[1314,48,7],"_links":{"self":[{"href":"https:\/\/vertigomotorsport.com\/vm\/wp-json\/wp\/v2\/posts\/42370"}],"collection":[{"href":"https:\/\/vertigomotorsport.com\/vm\/wp-json\/wp\/v2\/posts"}],"about":[{"href":"https:\/\/vertigomotorsport.com\/vm\/wp-json\/wp\/v2\/types\/post"}],"author":[{"embeddable":true,"href":"https:\/\/vertigomotorsport.com\/vm\/wp-json\/wp\/v2\/users\/2"}],"replies":[{"embeddable":true,"href":"https:\/\/vertigomotorsport.com\/vm\/wp-json\/wp\/v2\/comments?post=42370"}],"version-history":[{"count":1,"href":"https:\/\/vertigomotorsport.com\/vm\/wp-json\/wp\/v2\/posts\/42370\/revisions"}],"predecessor-version":[{"id":42372,"href":"https:\/\/vertigomotorsport.com\/vm\/wp-json\/wp\/v2\/posts\/42370\/revisions\/42372"}],"wp:featuredmedia":[{"embeddable":true,"href":"https:\/\/vertigomotorsport.com\/vm\/wp-json\/wp\/v2\/media\/42371"}],"wp:attachment":[{"href":"https:\/\/vertigomotorsport.com\/vm\/wp-json\/wp\/v2\/media?parent=42370"}],"wp:term":[{"taxonomy":"category","embeddable":true,"href":"https:\/\/vertigomotorsport.com\/vm\/wp-json\/wp\/v2\/categories?post=42370"},{"taxonomy":"post_tag","embeddable":true,"href":"https:\/\/vertigomotorsport.com\/vm\/wp-json\/wp\/v2\/tags?post=42370"}],"curies":[{"name":"wp","href":"https:\/\/api.w.org\/{rel}","templated":true}]}}