{"id":42373,"date":"2022-01-11T10:40:48","date_gmt":"2022-01-11T13:40:48","guid":{"rendered":"http:\/\/vertigomotorsport.com\/vm\/?p=42373"},"modified":"2022-01-11T10:40:48","modified_gmt":"2022-01-11T13:40:48","slug":"calendario-2022-de-turismo-nacional","status":"publish","type":"post","link":"https:\/\/vertigomotorsport.com\/vm\/2022\/01\/11\/calendario-2022-de-turismo-nacional\/","title":{"rendered":"Calendario 2022 de Turismo Nacional"},"content":{"rendered":"<p><strong>Se anunciaron las fechas que formar\u00e1n el Campeonato Argentino 2022 de Turismo Nacional Clase 2 y Clase 3. Comenzar\u00e1 el 27 de febrero y terminar\u00e1 el 27 de noviembre.<\/strong><\/p>\n<p>La Asociaci\u00f3n Pilotos Autom\u00f3viles Turismo (APAT), anunci\u00f3 las doce fechas del calendario que formar\u00e1n el Campeonato Argentino 2022 de Turismo Nacional Clase 2 y Clase 3 que comenzar\u00e1 entre los d\u00edas 25, 26 y 27 de febrero en el Aut\u00f3dromo Ezequiel Crisol (Bah\u00eda Blanca).<\/p>\n<p><strong>CALENDARIO 2022 TURISMO NACIONAL<\/strong><br \/>\n1\u00b0 fecha: 27 de febrero, Aut\u00f3dromo Ezequiel Crisol (Bah\u00eda Blanca)<br \/>\n2\u00b0 fecha: 20 de marzo<br \/>\n3\u00b0 fecha: 24 de abril<br \/>\n4\u00b0 fecha: 15 de mayo<br \/>\n5\u00b0 fecha: 19 de junio<br \/>\n6\u00b0 fecha: 10 de julio<br \/>\n7\u00b0 fecha: 31 de julio<br \/>\n8\u00b0 fecha: 21 de agosto<br \/>\n9\u00b0 fecha: 25 de septiembre<br \/>\n10\u00b0 fecha: 16 de octubre<br \/>\n11\u00b0 fecha: 06 de noviembre<br \/>\n12\u00b0 fecha: 27 de noviembre<\/p>\n<p>&nbsp;<\/p>\n","protected":false},"excerpt":{"rendered":"<p>Se anunciaron las fechas que formar\u00e1n el Campeonato Argentino 2022 de Turismo Nacional Clase 2 y Clase 3. Comenzar\u00e1 el 27 de febrero y terminar\u00e1 el 27 de noviembre. La [&#8230;]<\/p>\n","protected":false},"author":2,"featured_media":37308,"comment_status":"open","ping_status":"open","sticky":false,"template":"","format":"standard","meta":{"footnotes":""},"categories":[5],"tags":[79,7,139,138],"_links":{"self":[{"href":"https:\/\/vertigomotorsport.com\/vm\/wp-json\/wp\/v2\/posts\/42373"}],"collection":[{"href":"https:\/\/vertigomotorsport.com\/vm\/wp-json\/wp\/v2\/posts"}],"about":[{"href":"https:\/\/vertigomotorsport.com\/vm\/wp-json\/wp\/v2\/types\/post"}],"author":[{"embeddable":true,"href":"https:\/\/vertigomotorsport.com\/vm\/wp-json\/wp\/v2\/users\/2"}],"replies":[{"embeddable":true,"href":"https:\/\/vertigomotorsport.com\/vm\/wp-json\/wp\/v2\/comments?post=42373"}],"version-history":[{"count":1,"href":"https:\/\/vertigomotorsport.com\/vm\/wp-json\/wp\/v2\/posts\/42373\/revisions"}],"predecessor-version":[{"id":42374,"href":"https:\/\/vertigomotorsport.com\/vm\/wp-json\/wp\/v2\/posts\/42373\/revisions\/42374"}],"wp:featuredmedia":[{"embeddable":true,"href":"https:\/\/vertigomotorsport.com\/vm\/wp-json\/wp\/v2\/media\/37308"}],"wp:attachment":[{"href":"https:\/\/vertigomotorsport.com\/vm\/wp-json\/wp\/v2\/media?parent=42373"}],"wp:term":[{"taxonomy":"category","embeddable":true,"href":"https:\/\/vertigomotorsport.com\/vm\/wp-json\/wp\/v2\/categories?post=42373"},{"taxonomy":"post_tag","embeddable":true,"href":"https:\/\/vertigomotorsport.com\/vm\/wp-json\/wp\/v2\/tags?post=42373"}],"curies":[{"name":"wp","href":"https:\/\/api.w.org\/{rel}","templated":true}]}}