{"id":42375,"date":"2022-01-11T10:47:41","date_gmt":"2022-01-11T13:47:41","guid":{"rendered":"http:\/\/vertigomotorsport.com\/vm\/?p=42375"},"modified":"2022-01-11T15:43:05","modified_gmt":"2022-01-11T18:43:05","slug":"napaleofu-competicion-con-dos-autos-de-apac","status":"publish","type":"post","link":"https:\/\/vertigomotorsport.com\/vm\/2022\/01\/11\/napaleofu-competicion-con-dos-autos-de-apac\/","title":{"rendered":"Napaleof\u00fa Competici\u00f3n con dos autos en APAC"},"content":{"rendered":"<p><strong>La nueva escuder\u00eda Napaleof\u00fa Competici\u00f3n (ex-Autope\u00f1a) junto a La Pampa Racing, han aunado esfuerzos para poner en pista dos autos de la categor\u00eda APAC para este nuevo periplo, que estar\u00e1n alistados en la localidad del sudeste bonaerense.<\/strong><\/p>\n<p>Una Chevy y un Falcon estar\u00e1n en la localidad de Napaleof\u00fa para afrontar el campeonato 2022 de la potente categor\u00eda, que se pondr\u00e1 en marcha el 5 y 6 de Marzo, en el aut\u00f3dromo de la ciudad de Mar del Plata.<br \/>\nAlejandro Arroqui, titular del nuevo team \u00abNapaleof\u00fa Competici\u00f3n\u00bb, reflej\u00f3 sus sensaciones para la nueva temporada; \u201cEn los primeros d\u00edas del 2022 estamos abocados a prepararnos para un a\u00f1o intenso que tendr\u00e1 el equipo y la categor\u00eda. Por supuesto que el pueblo de Napaleof\u00fa, pendiente de este nuevo desaf\u00edo en APAC. Se est\u00e1 poniendo un gran esfuerzo y dedicaci\u00f3n para contar con dos autos competitivos, uno en la clase mayor y otro en el grupo \u00abB\u00bb. En este receso de verano, se han programado diferentes tareas y detalles en los dos veh\u00edculos. La Chevy se le implementar\u00e1n varias modificaciones en \u00abLa Pampa Racing\u00bb, mientras al Falcon se le van a producir algunos cambios. Por otra parte, tenemos acordado el suministro de motores que ser\u00e1n de Abel Meira. Los dos autos, estar\u00e1n en el taller de Napaleof\u00fa Competici\u00f3n, bajo la tutela de Claudio Ortiz, trabajando junto al equipo de Sergio Callejo y \u2018Beto\u2019 Dominicis\u201d, explicaba el directivo, agregando, \u201cEste momento, tiene que ver con el esfuerzo de colaboradores, amigos y los auspiciantes que respaldan al equipo. Un reconocimiento muy especial a nuestro motorista Abel Meira y familia, y a \u00abLa Pampa Racing\u2019\u00bb que continuar\u00e1 con la tarea en los veh\u00edculos. Menci\u00f3n y agradecimiento para el grupo de colaboradores, Jorge Etcheverry, Omar y Sergio Migueliz, H\u00e9ctor Peralta, \u00abLeo\u00bb y Miguel Ugarte, junto a Francisco y Daniel Toledo, Jos\u00e9 Luis Valcarce, Ricardo Ben\u00edtez, Julio y Cristian Macuso, Agust\u00edn Artiles, Thiago Varela y Alberto Montero, quienes seguir\u00e1n aportando su dedicaci\u00f3n durante la semana y en los d\u00edas de carreras. Ahora, abocados a coordinar la estructura para la primera carrera del a\u00f1o. En cuanto a la Chevy, Germ\u00e1n (Orsi) tiene que definir si estar\u00e1 como titular y \u00abPancho\u00bb Toledo con Javier Peralta (invitado) compartir\u00e1n el Falcon, dos chicos j\u00f3venes y del pueblo. Hay que seguir creciendo, APAC esta muy fuerte, con grandes protagonistas para una temporada muy competitiva. Un saludo especial y un a\u00f1o venturoso para todos nuestros colaboradores, amigos y auspiciantes de Napaleof\u00fa Competici\u00f3n\u201d, le comentaba el titular de la Autope\u00f1a Napaleof\u00fa, Alejandro Arroqui a vertigomotorsport.com, reflejando el esfuerzo de la estructura y la gente que apoya el proyecto 2022.<\/p>\n<p>&nbsp;<\/p>\n<p><img loading=\"lazy\" decoding=\"async\" class=\"alignnone wp-image-38487 size-full\" src=\"http:\/\/vertigomotorsport.com\/vm\/wp-content\/uploads\/arroquiale.jpg\" alt=\"\" width=\"434\" height=\"348\" srcset=\"https:\/\/vertigomotorsport.com\/vm\/wp-content\/uploads\/arroquiale.jpg 434w, https:\/\/vertigomotorsport.com\/vm\/wp-content\/uploads\/arroquiale-300x241.jpg 300w\" sizes=\"(max-width: 434px) 100vw, 434px\" \/><\/p>\n<p>&nbsp;<\/p>\n","protected":false},"excerpt":{"rendered":"<p>La nueva escuder\u00eda Napaleof\u00fa Competici\u00f3n (ex-Autope\u00f1a) junto a La Pampa Racing, han aunado esfuerzos para poner en pista dos autos de la categor\u00eda APAC para este nuevo periplo, que estar\u00e1n [&#8230;]<\/p>\n","protected":false},"author":2,"featured_media":42376,"comment_status":"open","ping_status":"open","sticky":false,"template":"","format":"standard","meta":{"footnotes":""},"categories":[1],"tags":[2415,2032,7,2666,1855,1762,2982],"_links":{"self":[{"href":"https:\/\/vertigomotorsport.com\/vm\/wp-json\/wp\/v2\/posts\/42375"}],"collection":[{"href":"https:\/\/vertigomotorsport.com\/vm\/wp-json\/wp\/v2\/posts"}],"about":[{"href":"https:\/\/vertigomotorsport.com\/vm\/wp-json\/wp\/v2\/types\/post"}],"author":[{"embeddable":true,"href":"https:\/\/vertigomotorsport.com\/vm\/wp-json\/wp\/v2\/users\/2"}],"replies":[{"embeddable":true,"href":"https:\/\/vertigomotorsport.com\/vm\/wp-json\/wp\/v2\/comments?post=42375"}],"version-history":[{"count":3,"href":"https:\/\/vertigomotorsport.com\/vm\/wp-json\/wp\/v2\/posts\/42375\/revisions"}],"predecessor-version":[{"id":42379,"href":"https:\/\/vertigomotorsport.com\/vm\/wp-json\/wp\/v2\/posts\/42375\/revisions\/42379"}],"wp:featuredmedia":[{"embeddable":true,"href":"https:\/\/vertigomotorsport.com\/vm\/wp-json\/wp\/v2\/media\/42376"}],"wp:attachment":[{"href":"https:\/\/vertigomotorsport.com\/vm\/wp-json\/wp\/v2\/media?parent=42375"}],"wp:term":[{"taxonomy":"category","embeddable":true,"href":"https:\/\/vertigomotorsport.com\/vm\/wp-json\/wp\/v2\/categories?post=42375"},{"taxonomy":"post_tag","embeddable":true,"href":"https:\/\/vertigomotorsport.com\/vm\/wp-json\/wp\/v2\/tags?post=42375"}],"curies":[{"name":"wp","href":"https:\/\/api.w.org\/{rel}","templated":true}]}}