{"id":44213,"date":"2022-04-25T20:24:53","date_gmt":"2022-04-25T23:24:53","guid":{"rendered":"http:\/\/vertigomotorsport.com\/vm\/?p=44213"},"modified":"2022-04-26T20:04:06","modified_gmt":"2022-04-26T23:04:06","slug":"los-monarcas-festejaron-en-el-amco","status":"publish","type":"post","link":"https:\/\/vertigomotorsport.com\/vm\/2022\/04\/25\/los-monarcas-festejaron-en-el-amco\/","title":{"rendered":"Los monarcas festejaron en el AMCO"},"content":{"rendered":"<p><strong>El pasado fin de semana, el Turismo Sport del Sudeste junto a la Copa Gol desembarcaron en el aut\u00f3dromo &#8216;Hermanos Emiliozzi&#8217; de Olavarr\u00eda. En su retorno, el campe\u00f3n Dami\u00e1n Covatti se alz\u00f3 con el triunfo en las dos fechas disputadas por la categor\u00eda m\u00e1s potente. Por su parte, Daniel Albano gan\u00f3 en la Copa Gol.<\/strong><\/p>\n<p>Las divisionales fiscalizadas por la FRAD N\u00b03 del Sudeste llevaron a cabo un nuevo espect\u00e1culo en la capital del cemento.<br \/>\nEn el TSS, que sigue sin poder levantar la punter\u00eda en cuanto al n\u00famero de m\u00e1quinas, el local Dami\u00e1n Covatti mostr\u00f3 credenciales y fue demoledor. En la final v\u00e1lida por la segunda fecha venci\u00f3 sobre 12 giros, dejando segundo a Andr\u00e9s De Vega y tercero a Mario Dom\u00ednguez. Cortez, Salerno y Alburquerque clasificaron a continuaci\u00f3n.<br \/>\nEn la carrera de la tercera fecha, el campe\u00f3n volvi\u00f3 a acelerar fuerte y celebr\u00f3 un nuevo triunfo en la especialidad. Pablo Salerno y Andr\u00e9s De Vega lo acompa\u00f1aron en el podio. M\u00e1s atr\u00e1s arribaron Dom\u00ednguez y Fern\u00e1ndez.<br \/>\nEn la Copa VW Gol, Daniel Albano fue el gran vencedor. De esta manera, el volante de Ted\u00edn Uriburu repiti\u00f3 victoria en Olavarr\u00eda. Segundo lleg\u00f3 Facundo Miralles y tercero el azule\u00f1o Nicol\u00e1s Matta. Errobidart, Marotta y Lardapide clasificaron m\u00e1s atr\u00e1s.<br \/>\nCon estos resultados, Albano es m\u00e1s l\u00edder que nunca del campeonato, y con s\u00f3lo dos cap\u00edtulos disputados, se aleja en las estad\u00edsticas.<\/p>\n<p>&nbsp;<\/p>\n<p>(Fotos: Miguelangel)<\/p>\n<p>&nbsp;<\/p>\n","protected":false},"excerpt":{"rendered":"<p>El pasado fin de semana, el Turismo Sport del Sudeste junto a la Copa Gol desembarcaron en el aut\u00f3dromo &#8216;Hermanos Emiliozzi&#8217; de Olavarr\u00eda. En su retorno, el campe\u00f3n Dami\u00e1n Covatti [&#8230;]<\/p>\n","protected":false},"author":2,"featured_media":44214,"comment_status":"open","ping_status":"open","sticky":false,"template":"","format":"standard","meta":{"footnotes":""},"categories":[1],"tags":[2409,1751,162,81,2736],"_links":{"self":[{"href":"https:\/\/vertigomotorsport.com\/vm\/wp-json\/wp\/v2\/posts\/44213"}],"collection":[{"href":"https:\/\/vertigomotorsport.com\/vm\/wp-json\/wp\/v2\/posts"}],"about":[{"href":"https:\/\/vertigomotorsport.com\/vm\/wp-json\/wp\/v2\/types\/post"}],"author":[{"embeddable":true,"href":"https:\/\/vertigomotorsport.com\/vm\/wp-json\/wp\/v2\/users\/2"}],"replies":[{"embeddable":true,"href":"https:\/\/vertigomotorsport.com\/vm\/wp-json\/wp\/v2\/comments?post=44213"}],"version-history":[{"count":3,"href":"https:\/\/vertigomotorsport.com\/vm\/wp-json\/wp\/v2\/posts\/44213\/revisions"}],"predecessor-version":[{"id":44243,"href":"https:\/\/vertigomotorsport.com\/vm\/wp-json\/wp\/v2\/posts\/44213\/revisions\/44243"}],"wp:featuredmedia":[{"embeddable":true,"href":"https:\/\/vertigomotorsport.com\/vm\/wp-json\/wp\/v2\/media\/44214"}],"wp:attachment":[{"href":"https:\/\/vertigomotorsport.com\/vm\/wp-json\/wp\/v2\/media?parent=44213"}],"wp:term":[{"taxonomy":"category","embeddable":true,"href":"https:\/\/vertigomotorsport.com\/vm\/wp-json\/wp\/v2\/categories?post=44213"},{"taxonomy":"post_tag","embeddable":true,"href":"https:\/\/vertigomotorsport.com\/vm\/wp-json\/wp\/v2\/tags?post=44213"}],"curies":[{"name":"wp","href":"https:\/\/api.w.org\/{rel}","templated":true}]}}