{"id":45184,"date":"2022-06-11T20:54:20","date_gmt":"2022-06-11T23:54:20","guid":{"rendered":"http:\/\/vertigomotorsport.com\/vm\/?p=45184"},"modified":"2022-06-11T20:54:20","modified_gmt":"2022-06-11T23:54:20","slug":"tramite-sabatino-para-las-mayores-en-loberia","status":"publish","type":"post","link":"https:\/\/vertigomotorsport.com\/vm\/2022\/06\/11\/tramite-sabatino-para-las-mayores-en-loberia\/","title":{"rendered":"Tr\u00e1mite sabatino para las Mayores, en Lober\u00eda"},"content":{"rendered":"<p><strong>S\u00e1bado con acci\u00f3n y adrenalina para las categor\u00edas del sudeste, en el circuito &#8216;La Virgen del Camino&#8217;. Rodolfo Aldasoro (Mar y Sierras A), Leonel Reynosa (Mar y Sierras B), Federico Pedone (Minicross) y Juan Sebasti\u00e1n Arias (TC del 40) fueron los m\u00e1s r\u00e1pidos de la jornada.<\/strong><\/p>\n<p>Jornada agradable para las Mayores del Sudeste en el reducto del Club Jorge Newbery. M\u00e1s de 80 autos fueron parte de la clasificaci\u00f3n de la cuarta fecha del a\u00f1o.<br \/>\nEn Mar y Sierras A, &#8216;Rodito&#8217; Aldasoro se qued\u00f3 con el mejor registro, doblegando por menos de una d\u00e9cima al campe\u00f3n Emmanuel P\u00e9rez Bravo. Tercero clasific\u00f3 el tandilense Sebasti\u00e1n L\u00f3pez Islas, en impecable labor, y cuarto su coterr\u00e1neo Santiago Etchevarne. Manuel Arias fue quinto, Juan C. Giancaterino sexto y el serrano Miguel Aiello s\u00e9ptimo, a 1&#8243;26 del puntero. \u00c1lvarez, Osa y Salvai completaron los diez.<br \/>\nEn la divisional B de Mar y Sierras, la pole fue para el joven Leonel Reynosa, con un tiempo de 54&#8243;685. Segundo clasific\u00f3 Dami\u00e1n Daza y tercero el actual campe\u00f3n de Minicross, Felipe Yan\u00e9. El experimentado piloto de Tandil, Fabio Pedersen, fue cuarto en el escenario loberense. Erpelding, D\u00edaz, Anzorena, Caparr\u00f3s, Angeli y De Hormaechea, cerraron los diez de avanzada.<br \/>\n&#8216;Fede&#8217; Pedone fue el m\u00e1s veloz en Minicross, empatando en el tiempo con Justo Vivarelli. La tercera posici\u00f3n fue ocupada por el otrora kartista Alejandro &#8216;P\u00e1jaro&#8217; Cabrera. Bustos y Pedone, completaron el top-five. Los tandilenses Andr\u00e9s Hansson, Sebasti\u00e1n &#8216;Gula&#8217; Fern\u00e1ndez y Juan Acu\u00f1a, clasificaron 7\u00b0, 20\u00b0 y 23\u00b0. Por su parte, los velenses Delgado y Macerata, fueron 17\u00b0 y 18\u00b0.<br \/>\nPor \u00faltimo, el lapridense Juan Sebasti\u00e1n Arias se alz\u00f3 con la pole position en TC del 40. Waldbllig, Guarino, Gallardo e Irigoyen, integraron los cinco de arriba, en el clasificador.<br \/>\nMa\u00f1ana, toda la acci\u00f3n de carreras, en el circuito &#8216;La Virgen del Camino&#8217;, con transmisi\u00f3n radial del equipo &#8216;Acelerando a Fondo&#8217;, desde las 11 hs.<\/p>\n<p>&nbsp;<\/p>\n<p>(Foto: NachoFox Prensa)<\/p>\n<p>&nbsp;<\/p>\n","protected":false},"excerpt":{"rendered":"<p>S\u00e1bado con acci\u00f3n y adrenalina para las categor\u00edas del sudeste, en el circuito &#8216;La Virgen del Camino&#8217;. Rodolfo Aldasoro (Mar y Sierras A), Leonel Reynosa (Mar y Sierras B), Federico [&#8230;]<\/p>\n","protected":false},"author":2,"featured_media":45185,"comment_status":"open","ping_status":"open","sticky":false,"template":"","format":"standard","meta":{"footnotes":""},"categories":[1],"tags":[7,75,112,2495,193,113],"_links":{"self":[{"href":"https:\/\/vertigomotorsport.com\/vm\/wp-json\/wp\/v2\/posts\/45184"}],"collection":[{"href":"https:\/\/vertigomotorsport.com\/vm\/wp-json\/wp\/v2\/posts"}],"about":[{"href":"https:\/\/vertigomotorsport.com\/vm\/wp-json\/wp\/v2\/types\/post"}],"author":[{"embeddable":true,"href":"https:\/\/vertigomotorsport.com\/vm\/wp-json\/wp\/v2\/users\/2"}],"replies":[{"embeddable":true,"href":"https:\/\/vertigomotorsport.com\/vm\/wp-json\/wp\/v2\/comments?post=45184"}],"version-history":[{"count":1,"href":"https:\/\/vertigomotorsport.com\/vm\/wp-json\/wp\/v2\/posts\/45184\/revisions"}],"predecessor-version":[{"id":45186,"href":"https:\/\/vertigomotorsport.com\/vm\/wp-json\/wp\/v2\/posts\/45184\/revisions\/45186"}],"wp:featuredmedia":[{"embeddable":true,"href":"https:\/\/vertigomotorsport.com\/vm\/wp-json\/wp\/v2\/media\/45185"}],"wp:attachment":[{"href":"https:\/\/vertigomotorsport.com\/vm\/wp-json\/wp\/v2\/media?parent=45184"}],"wp:term":[{"taxonomy":"category","embeddable":true,"href":"https:\/\/vertigomotorsport.com\/vm\/wp-json\/wp\/v2\/categories?post=45184"},{"taxonomy":"post_tag","embeddable":true,"href":"https:\/\/vertigomotorsport.com\/vm\/wp-json\/wp\/v2\/tags?post=45184"}],"curies":[{"name":"wp","href":"https:\/\/api.w.org\/{rel}","templated":true}]}}