{"id":45227,"date":"2022-06-12T22:27:23","date_gmt":"2022-06-13T01:27:23","guid":{"rendered":"http:\/\/vertigomotorsport.com\/vm\/?p=45227"},"modified":"2022-06-12T22:27:41","modified_gmt":"2022-06-13T01:27:41","slug":"la-quinta-de-appk","status":"publish","type":"post","link":"https:\/\/vertigomotorsport.com\/vm\/2022\/06\/12\/la-quinta-de-appk\/","title":{"rendered":"\u00a1La quinta de APPK!"},"content":{"rendered":"<p>El kart\u00f3dromo de Olavarr\u00eda recibi\u00f3 al poderoso semillero de talentos. Gran show de las ocho divisionales del Karting, en el trazado del AMCO.<\/p>\n<p>&nbsp;<\/p>\n<p><iframe loading=\"lazy\" width=\"860\" height=\"484\" src=\"https:\/\/www.youtube.com\/embed\/aU63tPdMGzo?feature=oembed\" frameborder=\"0\" allow=\"accelerometer; autoplay; clipboard-write; encrypted-media; gyroscope; picture-in-picture\" allowfullscreen><\/iframe><\/p>\n<p>&nbsp;<\/p>\n","protected":false},"excerpt":{"rendered":"<p>El kart\u00f3dromo de Olavarr\u00eda recibi\u00f3 al poderoso semillero de talentos. Gran show de las ocho divisionales del Karting, en el trazado del AMCO. &nbsp; &nbsp;<\/p>\n","protected":false},"author":2,"featured_media":45229,"comment_status":"open","ping_status":"open","sticky":false,"template":"","format":"standard","meta":{"footnotes":""},"categories":[43],"tags":[26,13,162,553],"_links":{"self":[{"href":"https:\/\/vertigomotorsport.com\/vm\/wp-json\/wp\/v2\/posts\/45227"}],"collection":[{"href":"https:\/\/vertigomotorsport.com\/vm\/wp-json\/wp\/v2\/posts"}],"about":[{"href":"https:\/\/vertigomotorsport.com\/vm\/wp-json\/wp\/v2\/types\/post"}],"author":[{"embeddable":true,"href":"https:\/\/vertigomotorsport.com\/vm\/wp-json\/wp\/v2\/users\/2"}],"replies":[{"embeddable":true,"href":"https:\/\/vertigomotorsport.com\/vm\/wp-json\/wp\/v2\/comments?post=45227"}],"version-history":[{"count":2,"href":"https:\/\/vertigomotorsport.com\/vm\/wp-json\/wp\/v2\/posts\/45227\/revisions"}],"predecessor-version":[{"id":45230,"href":"https:\/\/vertigomotorsport.com\/vm\/wp-json\/wp\/v2\/posts\/45227\/revisions\/45230"}],"wp:featuredmedia":[{"embeddable":true,"href":"https:\/\/vertigomotorsport.com\/vm\/wp-json\/wp\/v2\/media\/45229"}],"wp:attachment":[{"href":"https:\/\/vertigomotorsport.com\/vm\/wp-json\/wp\/v2\/media?parent=45227"}],"wp:term":[{"taxonomy":"category","embeddable":true,"href":"https:\/\/vertigomotorsport.com\/vm\/wp-json\/wp\/v2\/categories?post=45227"},{"taxonomy":"post_tag","embeddable":true,"href":"https:\/\/vertigomotorsport.com\/vm\/wp-json\/wp\/v2\/tags?post=45227"}],"curies":[{"name":"wp","href":"https:\/\/api.w.org\/{rel}","templated":true}]}}