{"id":45778,"date":"2022-07-12T17:12:15","date_gmt":"2022-07-12T20:12:15","guid":{"rendered":"http:\/\/vertigomotorsport.com\/vm\/?p=45778"},"modified":"2022-07-12T17:12:15","modified_gmt":"2022-07-12T20:12:15","slug":"suspendida-la-carrera-en-balcarce","status":"publish","type":"post","link":"https:\/\/vertigomotorsport.com\/vm\/2022\/07\/12\/suspendida-la-carrera-en-balcarce\/","title":{"rendered":"Suspendida la carrera en Balcarce"},"content":{"rendered":"<p><strong>Agotadas todas las instancias para conseguir los boxes, y por la imposibilidad del club organizador de asegurar la cantidad de carpas necesarias para el normal desarrollo de la actividad, qued\u00f3 suspendida la fecha del Zonal del Atl\u00e1ntico, que se iba a disputar este fin de semana en el aut\u00f3dromo Juan Manuel Fangio. La continuidad del calendario se llevar\u00e1 a cabo el 7 de agosto en Dolores.<\/strong><\/p>\n<p>La categor\u00eda arbitrar\u00e1 los medios para cumplir con la cantidad de carreras pactadas para el a\u00f1o. Tras los vaivenes y la imposibilidad de llevar adelante las competencias zonales que se iban a desarrollar los d\u00edas 16 y 17 de Julio en Balcarce, el Auto Club Balcarce les comunic\u00f3 a los directivos de las categor\u00edas Turismo Special de la Costa, Promocional y TC 2000 del Atl\u00e1ntico y Monomarca Fiat la suspensi\u00f3n definitiva del evento ante la imposibilidad de asegurar la previsi\u00f3n total de carpas, luego haber agotado todas las instancias posibles para concretar la fecha.<br \/>\nMotivo de ello, la continuidad del calendario ser\u00e1 el 7 de agosto y ser\u00e1 en el aut\u00f3dromo Miguel \u00c1ngel Atauri de la ciudad de Dolores.<\/p>\n<p>&nbsp;<\/p>\n<p>(Foto: Daniel Erreguerena)<\/p>\n<p>&nbsp;<\/p>\n","protected":false},"excerpt":{"rendered":"<p>Agotadas todas las instancias para conseguir los boxes, y por la imposibilidad del club organizador de asegurar la cantidad de carpas necesarias para el normal desarrollo de la actividad, qued\u00f3 [&#8230;]<\/p>\n","protected":false},"author":2,"featured_media":45779,"comment_status":"open","ping_status":"open","sticky":false,"template":"","format":"standard","meta":{"footnotes":""},"categories":[1],"tags":[258,7,592,2279],"_links":{"self":[{"href":"https:\/\/vertigomotorsport.com\/vm\/wp-json\/wp\/v2\/posts\/45778"}],"collection":[{"href":"https:\/\/vertigomotorsport.com\/vm\/wp-json\/wp\/v2\/posts"}],"about":[{"href":"https:\/\/vertigomotorsport.com\/vm\/wp-json\/wp\/v2\/types\/post"}],"author":[{"embeddable":true,"href":"https:\/\/vertigomotorsport.com\/vm\/wp-json\/wp\/v2\/users\/2"}],"replies":[{"embeddable":true,"href":"https:\/\/vertigomotorsport.com\/vm\/wp-json\/wp\/v2\/comments?post=45778"}],"version-history":[{"count":1,"href":"https:\/\/vertigomotorsport.com\/vm\/wp-json\/wp\/v2\/posts\/45778\/revisions"}],"predecessor-version":[{"id":45780,"href":"https:\/\/vertigomotorsport.com\/vm\/wp-json\/wp\/v2\/posts\/45778\/revisions\/45780"}],"wp:featuredmedia":[{"embeddable":true,"href":"https:\/\/vertigomotorsport.com\/vm\/wp-json\/wp\/v2\/media\/45779"}],"wp:attachment":[{"href":"https:\/\/vertigomotorsport.com\/vm\/wp-json\/wp\/v2\/media?parent=45778"}],"wp:term":[{"taxonomy":"category","embeddable":true,"href":"https:\/\/vertigomotorsport.com\/vm\/wp-json\/wp\/v2\/categories?post=45778"},{"taxonomy":"post_tag","embeddable":true,"href":"https:\/\/vertigomotorsport.com\/vm\/wp-json\/wp\/v2\/tags?post=45778"}],"curies":[{"name":"wp","href":"https:\/\/api.w.org\/{rel}","templated":true}]}}