{"id":47445,"date":"2022-10-23T23:25:56","date_gmt":"2022-10-24T02:25:56","guid":{"rendered":"http:\/\/vertigomotorsport.com\/vm\/?p=47445"},"modified":"2022-10-24T12:55:03","modified_gmt":"2022-10-24T15:55:03","slug":"mas-vigente-que-nunca-2","status":"publish","type":"post","link":"https:\/\/vertigomotorsport.com\/vm\/2022\/10\/23\/mas-vigente-que-nunca-2\/","title":{"rendered":"M\u00e1s vigente que nunca"},"content":{"rendered":"<p><strong>Omar \u00abGur\u00ed\u00bb Mart\u00ednez gan\u00f3 la carrera final de TC Pick Up ratificando su vigencia dentro del automovilismo argentino y so\u00f1ando con llevarse la Copa Shell 2022 donde consigui\u00f3 su clasificaci\u00f3n como uno de los 3 de \u00faltimo minuto.<\/strong><\/p>\n<p>El piloto entrerriano, de una extensa trayectoria en el automovilismo argentino, se llev\u00f3 el GP Provincia del Neuqu\u00e9n y de esta forma se prende en la lucha por ganar la corona anual.<br \/>\nOmar Mart\u00ednez protagoniz\u00f3 un trabajo brillante a lo largo de todo el fin de semana sure\u00f1o, llev\u00e1ndose la m\u00e1xima felicidad absoluta despu\u00e9s de una dura lucha con Valent\u00edn Aguirre y Agust\u00edn Mart\u00ednez.<br \/>\nEn resumen, Omar Mart\u00ednez, Valent\u00edn Aguirre, Agust\u00edn Mart\u00ednez, Juan Jos\u00e9 Ebarl\u00edn y Mariano Werner, integraron el quinteto de avanzada en el clasificador final de las TC Pick Up. Gran carrera de \u00ablas camionetas\u00bb en Neuqu\u00e9n.<\/p>\n<p>&nbsp;<\/p>\n","protected":false},"excerpt":{"rendered":"<p>Omar \u00abGur\u00ed\u00bb Mart\u00ednez gan\u00f3 la carrera final de TC Pick Up ratificando su vigencia dentro del automovilismo argentino y so\u00f1ando con llevarse la Copa Shell 2022 donde consigui\u00f3 su clasificaci\u00f3n [&#8230;]<\/p>\n","protected":false},"author":2,"featured_media":47446,"comment_status":"open","ping_status":"open","sticky":false,"template":"","format":"standard","meta":{"footnotes":""},"categories":[5],"tags":[379,430,1190],"_links":{"self":[{"href":"https:\/\/vertigomotorsport.com\/vm\/wp-json\/wp\/v2\/posts\/47445"}],"collection":[{"href":"https:\/\/vertigomotorsport.com\/vm\/wp-json\/wp\/v2\/posts"}],"about":[{"href":"https:\/\/vertigomotorsport.com\/vm\/wp-json\/wp\/v2\/types\/post"}],"author":[{"embeddable":true,"href":"https:\/\/vertigomotorsport.com\/vm\/wp-json\/wp\/v2\/users\/2"}],"replies":[{"embeddable":true,"href":"https:\/\/vertigomotorsport.com\/vm\/wp-json\/wp\/v2\/comments?post=47445"}],"version-history":[{"count":1,"href":"https:\/\/vertigomotorsport.com\/vm\/wp-json\/wp\/v2\/posts\/47445\/revisions"}],"predecessor-version":[{"id":47447,"href":"https:\/\/vertigomotorsport.com\/vm\/wp-json\/wp\/v2\/posts\/47445\/revisions\/47447"}],"wp:featuredmedia":[{"embeddable":true,"href":"https:\/\/vertigomotorsport.com\/vm\/wp-json\/wp\/v2\/media\/47446"}],"wp:attachment":[{"href":"https:\/\/vertigomotorsport.com\/vm\/wp-json\/wp\/v2\/media?parent=47445"}],"wp:term":[{"taxonomy":"category","embeddable":true,"href":"https:\/\/vertigomotorsport.com\/vm\/wp-json\/wp\/v2\/categories?post=47445"},{"taxonomy":"post_tag","embeddable":true,"href":"https:\/\/vertigomotorsport.com\/vm\/wp-json\/wp\/v2\/tags?post=47445"}],"curies":[{"name":"wp","href":"https:\/\/api.w.org\/{rel}","templated":true}]}}