{"id":48216,"date":"2022-12-04T19:51:59","date_gmt":"2022-12-04T22:51:59","guid":{"rendered":"http:\/\/vertigomotorsport.com\/vm\/?p=48216"},"modified":"2022-12-04T19:52:40","modified_gmt":"2022-12-04T22:52:40","slug":"el-guri-se-quedo-con-el-titulo","status":"publish","type":"post","link":"https:\/\/vertigomotorsport.com\/vm\/2022\/12\/04\/el-guri-se-quedo-con-el-titulo\/","title":{"rendered":"El &#8216;Gur\u00ed&#8217; se qued\u00f3 con el t\u00edtulo"},"content":{"rendered":"<p><strong>Omar \u00abGur\u00ed\u00bb Mart\u00ednez es el nuevo campe\u00f3n de las TC Pick Up. El experimentado piloto de Paran\u00e1 se llev\u00f3 toda la gloria de San Nicol\u00e1s. Andr\u00e9s Jakos gan\u00f3 la carrera final.<\/strong><\/p>\n<p>El 4\u00ba Campeonato Argentino de TC Pick Up qued\u00f3 para Omar \u201cGur\u00ed\u201d Mart\u00ednez y su Ford Ranger, quienes culminaron 5\u00ba en la carrera final disputada en el aut\u00f3dromo de San Nicol\u00e1s. Andr\u00e9s Jakos y su Toyota Hilux consiguieron su 2\u00aa victoria de la temporada 2022.<br \/>\nMart\u00ednez le arrebat\u00f3 el t\u00edtulo a su hijo Agust\u00edn Mart\u00ednez (Ford Ranger) por s\u00f3lo 2,5 puntos de diferencia y tomando en cuenta que este finaliz\u00f3 en el 4\u00b0 lugar.<\/p>\n<p>&nbsp;<\/p>\n","protected":false},"excerpt":{"rendered":"<p>Omar \u00abGur\u00ed\u00bb Mart\u00ednez es el nuevo campe\u00f3n de las TC Pick Up. El experimentado piloto de Paran\u00e1 se llev\u00f3 toda la gloria de San Nicol\u00e1s. Andr\u00e9s Jakos gan\u00f3 la carrera [&#8230;]<\/p>\n","protected":false},"author":2,"featured_media":48218,"comment_status":"open","ping_status":"open","sticky":false,"template":"","format":"standard","meta":{"footnotes":""},"categories":[5],"tags":[7,379,998,1190],"_links":{"self":[{"href":"https:\/\/vertigomotorsport.com\/vm\/wp-json\/wp\/v2\/posts\/48216"}],"collection":[{"href":"https:\/\/vertigomotorsport.com\/vm\/wp-json\/wp\/v2\/posts"}],"about":[{"href":"https:\/\/vertigomotorsport.com\/vm\/wp-json\/wp\/v2\/types\/post"}],"author":[{"embeddable":true,"href":"https:\/\/vertigomotorsport.com\/vm\/wp-json\/wp\/v2\/users\/2"}],"replies":[{"embeddable":true,"href":"https:\/\/vertigomotorsport.com\/vm\/wp-json\/wp\/v2\/comments?post=48216"}],"version-history":[{"count":1,"href":"https:\/\/vertigomotorsport.com\/vm\/wp-json\/wp\/v2\/posts\/48216\/revisions"}],"predecessor-version":[{"id":48217,"href":"https:\/\/vertigomotorsport.com\/vm\/wp-json\/wp\/v2\/posts\/48216\/revisions\/48217"}],"wp:featuredmedia":[{"embeddable":true,"href":"https:\/\/vertigomotorsport.com\/vm\/wp-json\/wp\/v2\/media\/48218"}],"wp:attachment":[{"href":"https:\/\/vertigomotorsport.com\/vm\/wp-json\/wp\/v2\/media?parent=48216"}],"wp:term":[{"taxonomy":"category","embeddable":true,"href":"https:\/\/vertigomotorsport.com\/vm\/wp-json\/wp\/v2\/categories?post=48216"},{"taxonomy":"post_tag","embeddable":true,"href":"https:\/\/vertigomotorsport.com\/vm\/wp-json\/wp\/v2\/tags?post=48216"}],"curies":[{"name":"wp","href":"https:\/\/api.w.org\/{rel}","templated":true}]}}