{"id":49754,"date":"2023-03-17T23:45:16","date_gmt":"2023-03-18T02:45:16","guid":{"rendered":"http:\/\/vertigomotorsport.com\/vm\/?p=49754"},"modified":"2023-03-18T19:00:39","modified_gmt":"2023-03-18T22:00:39","slug":"akts-en-rauch-postergado","status":"publish","type":"post","link":"https:\/\/vertigomotorsport.com\/vm\/2023\/03\/17\/akts-en-rauch-postergado\/","title":{"rendered":"AKTS en Rauch, postergado"},"content":{"rendered":"<p><strong>En virtud de los pron\u00f3sticos de lluvia para el d\u00eda domingo, los directivos de la Asociaci\u00f3n de Karting en Tierra del Sudeste, resolvieron posponer la segunda fecha de la temporada.<\/strong><\/p>\n<p>Este fin de semana del 18 y 19 de febrero, las divisionales nucleadas en el Kart de AKTS iban a llevar a cabo su segundo compromiso del a\u00f1o en el Parque Juan Silva de la ciudad de Rauch.<br \/>\nLamentablemente, y luego de revisar los pron\u00f3sticos clim\u00e1ticos, que indicaban precipitaciones para la jornada dominical, se debi\u00f3 posponer la fecha.<br \/>\nPor estas horas, se estar\u00e1 definiendo cuando se desarrollar\u00e1 el segundo cap\u00edtulo del ejercicio 2023. De cualquier manera, el Rauch Auto Moto Club habilit\u00f3 para este s\u00e1bado 18, pruebas comunitarias en el circuito de 990 metros, con un costo de 3500 pesos.<\/p>\n<p>&nbsp;<\/p>\n<p>(Foto: NachoFox Prensa)<\/p>\n<p>&nbsp;<\/p>\n","protected":false},"excerpt":{"rendered":"<p>En virtud de los pron\u00f3sticos de lluvia para el d\u00eda domingo, los directivos de la Asociaci\u00f3n de Karting en Tierra del Sudeste, resolvieron posponer la segunda fecha de la temporada. [&#8230;]<\/p>\n","protected":false},"author":2,"featured_media":49755,"comment_status":"open","ping_status":"open","sticky":false,"template":"","format":"standard","meta":{"footnotes":""},"categories":[1],"tags":[1671,7,125,592],"_links":{"self":[{"href":"https:\/\/vertigomotorsport.com\/vm\/wp-json\/wp\/v2\/posts\/49754"}],"collection":[{"href":"https:\/\/vertigomotorsport.com\/vm\/wp-json\/wp\/v2\/posts"}],"about":[{"href":"https:\/\/vertigomotorsport.com\/vm\/wp-json\/wp\/v2\/types\/post"}],"author":[{"embeddable":true,"href":"https:\/\/vertigomotorsport.com\/vm\/wp-json\/wp\/v2\/users\/2"}],"replies":[{"embeddable":true,"href":"https:\/\/vertigomotorsport.com\/vm\/wp-json\/wp\/v2\/comments?post=49754"}],"version-history":[{"count":4,"href":"https:\/\/vertigomotorsport.com\/vm\/wp-json\/wp\/v2\/posts\/49754\/revisions"}],"predecessor-version":[{"id":49759,"href":"https:\/\/vertigomotorsport.com\/vm\/wp-json\/wp\/v2\/posts\/49754\/revisions\/49759"}],"wp:featuredmedia":[{"embeddable":true,"href":"https:\/\/vertigomotorsport.com\/vm\/wp-json\/wp\/v2\/media\/49755"}],"wp:attachment":[{"href":"https:\/\/vertigomotorsport.com\/vm\/wp-json\/wp\/v2\/media?parent=49754"}],"wp:term":[{"taxonomy":"category","embeddable":true,"href":"https:\/\/vertigomotorsport.com\/vm\/wp-json\/wp\/v2\/categories?post=49754"},{"taxonomy":"post_tag","embeddable":true,"href":"https:\/\/vertigomotorsport.com\/vm\/wp-json\/wp\/v2\/tags?post=49754"}],"curies":[{"name":"wp","href":"https:\/\/api.w.org\/{rel}","templated":true}]}}