{"id":49770,"date":"2023-03-18T19:06:18","date_gmt":"2023-03-18T22:06:18","guid":{"rendered":"http:\/\/vertigomotorsport.com\/vm\/?p=49770"},"modified":"2023-03-18T19:06:18","modified_gmt":"2023-03-18T22:06:18","slug":"alistan-el-auto-de-agustina-schonfeld","status":"publish","type":"post","link":"https:\/\/vertigomotorsport.com\/vm\/2023\/03\/18\/alistan-el-auto-de-agustina-schonfeld\/","title":{"rendered":"Alistan el auto de Agustina Schonfeld"},"content":{"rendered":"<p><strong>Intensamente trabaja el grupo de trabajo en el Peugeot 504 de Agustina Schonfeld, para que la joven tandilense pueda debutar el 15 y 16 de abril en el circuito \u00abLa Cascada\u00bb de Tandil en el acto inaugural del Turismo Sport 1850.<\/strong><\/p>\n<p>El equipo esta abocado a diferentes detalles y cambios en la m\u00e1quina, para alistarlo antes del comienzo del nuevo certamen en el reducto de las sierras.<br \/>\nLa base operativa del Team Schonfeld est\u00e1 ubicado en Ameghino 35, casi Figueroa, la mec\u00e1nica ser\u00e1 de Marcelo Pedrero, chasis de Dami\u00e1n Tolosa, asesoramiento de Santiago Etchevarne y DD de Ra\u00fal Schonfeld.\u00bbAbocado a pleno en el auto y taller. Se ha desarrollado un trabajo completo en el Peugeot. Desde la jaula, pisos, cubre ruedas, z\u00f3calos y los pontones. Vemos que las innovaciones van quedando muy bien en el 504 con todos los retoques. Estamos muy entusiasmados en este proyecto. El auto entrar\u00e1 a pintura en los pr\u00f3ximos, para que \u00abBeto\u00bb Dominicis implemente el trabajo de base y nueva est\u00e9tica. La idea es tener listo para presentarlo y que Agustina comience a girar, reunir experiencia en el veh\u00edculo y en los distintos circuitos. Es un lindo desaf\u00edo, la categor\u00eda tiene un caudal muy grande de m\u00e1quinas y sigue avanzando. Esperemos disfrutar esta pasi\u00f3n con toda la familia, los amigos y los auspiciantes que se suman a este proyecto\u00bb, le comentaba Ra\u00fal Schonfeld a vertigomotorsport.com.<\/p>\n<p>&nbsp;<\/p>\n<p><img loading=\"lazy\" decoding=\"async\" class=\"alignnone wp-image-49771 size-full\" src=\"http:\/\/vertigomotorsport.com\/vm\/wp-content\/uploads\/as-1.jpg\" alt=\"\" width=\"615\" height=\"420\" srcset=\"https:\/\/vertigomotorsport.com\/vm\/wp-content\/uploads\/as-1.jpg 615w, https:\/\/vertigomotorsport.com\/vm\/wp-content\/uploads\/as-1-300x205.jpg 300w\" sizes=\"(max-width: 615px) 100vw, 615px\" \/><\/p>\n<p>&nbsp;<\/p>\n","protected":false},"excerpt":{"rendered":"<p>Intensamente trabaja el grupo de trabajo en el Peugeot 504 de Agustina Schonfeld, para que la joven tandilense pueda debutar el 15 y 16 de abril en el circuito \u00abLa [&#8230;]<\/p>\n","protected":false},"author":2,"featured_media":49772,"comment_status":"open","ping_status":"open","sticky":false,"template":"","format":"standard","meta":{"footnotes":""},"categories":[1],"tags":[3365,7,572,3366,14,41],"_links":{"self":[{"href":"https:\/\/vertigomotorsport.com\/vm\/wp-json\/wp\/v2\/posts\/49770"}],"collection":[{"href":"https:\/\/vertigomotorsport.com\/vm\/wp-json\/wp\/v2\/posts"}],"about":[{"href":"https:\/\/vertigomotorsport.com\/vm\/wp-json\/wp\/v2\/types\/post"}],"author":[{"embeddable":true,"href":"https:\/\/vertigomotorsport.com\/vm\/wp-json\/wp\/v2\/users\/2"}],"replies":[{"embeddable":true,"href":"https:\/\/vertigomotorsport.com\/vm\/wp-json\/wp\/v2\/comments?post=49770"}],"version-history":[{"count":1,"href":"https:\/\/vertigomotorsport.com\/vm\/wp-json\/wp\/v2\/posts\/49770\/revisions"}],"predecessor-version":[{"id":49773,"href":"https:\/\/vertigomotorsport.com\/vm\/wp-json\/wp\/v2\/posts\/49770\/revisions\/49773"}],"wp:featuredmedia":[{"embeddable":true,"href":"https:\/\/vertigomotorsport.com\/vm\/wp-json\/wp\/v2\/media\/49772"}],"wp:attachment":[{"href":"https:\/\/vertigomotorsport.com\/vm\/wp-json\/wp\/v2\/media?parent=49770"}],"wp:term":[{"taxonomy":"category","embeddable":true,"href":"https:\/\/vertigomotorsport.com\/vm\/wp-json\/wp\/v2\/categories?post=49770"},{"taxonomy":"post_tag","embeddable":true,"href":"https:\/\/vertigomotorsport.com\/vm\/wp-json\/wp\/v2\/tags?post=49770"}],"curies":[{"name":"wp","href":"https:\/\/api.w.org\/{rel}","templated":true}]}}