{"id":49786,"date":"2023-03-19T12:08:05","date_gmt":"2023-03-19T15:08:05","guid":{"rendered":"http:\/\/vertigomotorsport.com\/vm\/?p=49786"},"modified":"2023-03-19T19:20:15","modified_gmt":"2023-03-19T22:20:15","slug":"promocional-a-las-pinas","status":"publish","type":"post","link":"https:\/\/vertigomotorsport.com\/vm\/2023\/03\/19\/promocional-a-las-pinas\/","title":{"rendered":"Promocional a las pi\u00f1as"},"content":{"rendered":"<p>\u00bfTe acord\u00e1s de esto? D\u00e9cada y fracci\u00f3n atr\u00e1s, en el circuito de Chillar, ocurr\u00eda un lamentable hecho para el automovilismo zonal. Tras un roce entre Cristian Novillo y Marcos Gonz\u00e1lez, en la final de la Promo del Sudeste, que derivaba en vuelco para el \u00faltimo, se daba un momento de extrema tensi\u00f3n en parque cerrado. Mientras el rauchense Novillo era entrevistado por Ger\u00f3nimo Maestri y el equipo \u00abEntre Tuercas\u00bb liderado por Gustavo Alzueta, el tapalquense Gonz\u00e1lez se desquitaba peg\u00e1ndole un violento \u00abcascazo\u00bb a Novillo. Una situaci\u00f3n de \u00abcalentura\u00bb y poca cordura en el tercer tiempo. Por ello, Marcos debi\u00f3 purgar una dura sanci\u00f3n que lo tuvo alejado un tiempo de las pistas.<\/p>\n<p>&nbsp;<\/p>\n<p><iframe loading=\"lazy\" width=\"860\" height=\"484\" src=\"https:\/\/www.youtube.com\/embed\/ffGYy6HypRk?feature=oembed\" frameborder=\"0\" allow=\"accelerometer; autoplay; clipboard-write; encrypted-media; gyroscope; picture-in-picture; web-share\" allowfullscreen title=\"Promocional a las pi\u00f1as\"><\/iframe><\/p>\n<p>&nbsp;<\/p>\n","protected":false},"excerpt":{"rendered":"<p>\u00bfTe acord\u00e1s de esto? D\u00e9cada y fracci\u00f3n atr\u00e1s, en el circuito de Chillar, ocurr\u00eda un lamentable hecho para el automovilismo zonal. Tras un roce entre Cristian Novillo y Marcos Gonz\u00e1lez, [&#8230;]<\/p>\n","protected":false},"author":2,"featured_media":49788,"comment_status":"open","ping_status":"open","sticky":false,"template":"","format":"standard","meta":{"footnotes":""},"categories":[43],"tags":[3491,7,3490,3492,52,553],"_links":{"self":[{"href":"https:\/\/vertigomotorsport.com\/vm\/wp-json\/wp\/v2\/posts\/49786"}],"collection":[{"href":"https:\/\/vertigomotorsport.com\/vm\/wp-json\/wp\/v2\/posts"}],"about":[{"href":"https:\/\/vertigomotorsport.com\/vm\/wp-json\/wp\/v2\/types\/post"}],"author":[{"embeddable":true,"href":"https:\/\/vertigomotorsport.com\/vm\/wp-json\/wp\/v2\/users\/2"}],"replies":[{"embeddable":true,"href":"https:\/\/vertigomotorsport.com\/vm\/wp-json\/wp\/v2\/comments?post=49786"}],"version-history":[{"count":3,"href":"https:\/\/vertigomotorsport.com\/vm\/wp-json\/wp\/v2\/posts\/49786\/revisions"}],"predecessor-version":[{"id":49790,"href":"https:\/\/vertigomotorsport.com\/vm\/wp-json\/wp\/v2\/posts\/49786\/revisions\/49790"}],"wp:featuredmedia":[{"embeddable":true,"href":"https:\/\/vertigomotorsport.com\/vm\/wp-json\/wp\/v2\/media\/49788"}],"wp:attachment":[{"href":"https:\/\/vertigomotorsport.com\/vm\/wp-json\/wp\/v2\/media?parent=49786"}],"wp:term":[{"taxonomy":"category","embeddable":true,"href":"https:\/\/vertigomotorsport.com\/vm\/wp-json\/wp\/v2\/categories?post=49786"},{"taxonomy":"post_tag","embeddable":true,"href":"https:\/\/vertigomotorsport.com\/vm\/wp-json\/wp\/v2\/tags?post=49786"}],"curies":[{"name":"wp","href":"https:\/\/api.w.org\/{rel}","templated":true}]}}