{"id":51777,"date":"2023-06-25T21:09:34","date_gmt":"2023-06-26T00:09:34","guid":{"rendered":"http:\/\/vertigomotorsport.com\/vm\/?p=51777"},"modified":"2023-06-25T21:09:34","modified_gmt":"2023-06-26T00:09:34","slug":"iansa-por-quinta-vez","status":"publish","type":"post","link":"https:\/\/vertigomotorsport.com\/vm\/2023\/06\/25\/iansa-por-quinta-vez\/","title":{"rendered":"Iansa por quinta vez"},"content":{"rendered":"<p><strong>Gast\u00f3n Iansa logr\u00f3 en La Plata su quinta victoria en el a\u00f1o y se afianza en la cima del campeonato de TC Pista Mouras.<\/strong><\/p>\n<p>En un inicio con algunos incidentes, Gast\u00f3n Iansa (Chevrolet &#8211; JP Carrera) lograba tomar la punta, mientras que en el fondo se produc\u00eda un despiste m\u00faltiple que involucr\u00f3 a Denis Cifre (Ford &#8211; Escuder\u00eda G129) y Genaro Rasetto (Dodge &#8211; Rus Med Team).<br \/>\nLa carrera fue neutralizada y todos los protagonistas tuvieron una nueva oportunidad al momento de relanzar. Desde atr\u00e1s y luego de quedar involucrado, Juan Sebastian Gallo (Bruno Motorsports) comenzaba a escalar en el clasificador, mientras que detr\u00e1s de los puestos de punta Nicanor Santilli Pazos (Chevrolet &#8211; Tinos Sport) se manten\u00eda expectante en busca de poder generar una maniobra de sobrepaso.<br \/>\nEn otro pelot\u00f3n, Leonardo Palotini (Ford &#8211; Quilmes Plas), aguant\u00f3 los intentos de Nicol\u00e1s Palau (Chevrolet &#8211; Azar Motorsports), Eugenio Provens (Ford &#8211; Candela Competici\u00f3n) y Nahuel Cordone (Ford &#8211; Impiombato Motorsports) que buscaron la superaci\u00f3n sin oportunidad.<br \/>\nSobre el final las luces se encendieron a ra\u00edz de que Iansa y su equipo alertaron sobre una posible goma baja que gener\u00f3 expectativas para sus rivales, pero logr\u00f3 aguantar y llevarse as\u00ed su quinta victoria en el a\u00f1o.<br \/>\nDe esta manera, Gast\u00f3n Iansa logr\u00f3 una efectividad que le permiti\u00f3 ganar en Concepci\u00f3n del Uruguay, Toay y en La Plata con sus dos variantes, con y sin chicana.<\/p>\n<p><strong>TCPM &#8211; La Plata<\/strong><br \/>\n1\u00b0 55 IANSA, GAST\u00d3N Chevrolet 12 18:51.022<br \/>\n2\u00b0 44 POZNER, THOMAS Dodge 12 18:51.711 0.689<br \/>\n3\u00b0 67 BIAGI, SANTIAGO Dodge 12 18:52.299 1.277<br \/>\n4\u00b0 123 SANTILLI PAZOS, NICANOR Chevrolet 12 18:52.587 1.565<br \/>\n5\u00b0 144 CIFRE, FAUSTINO Ford 12 18:56.131 5.109<br \/>\n6\u00b0 124 PALOTINI, LEONARDO Ford 12 19:04.273 13.251<br \/>\n7\u00b0 96 PALAU, NICOLAS Chevrolet 12 19:04.614 13.592<br \/>\n8\u00b0 53 PROVENS, EUGENIO Ford 12 19:04.935 13.913<br \/>\n9\u00b0 127 CORDONE, NAHUEL Ford 12 19:05.399 14.377<br \/>\n10\u00b0 117 SAPIENZA, JUAN Ford 12 19:06.501 15.479<br \/>\n11\u00b0 111 OCHOA, BENJA Ford 12 19:07.769 16.747<br \/>\n12\u00b0 11 MANCUSO, ESTEBAN Chevrolet 12 19:11.010 19.988<br \/>\n13\u00b0 68 TORRES, JOAQU\u00cdN Chevrolet 12 19:11.860 20.838<br \/>\n14\u00b0 16 GOYA, JOS\u00c9 ALBERTO Dodge 12 19:21.396 30.374<br \/>\n15\u00b0 20 GOYA, N\u00c9STOR OMAR Dodge 12 19:32.095 41.073<br \/>\n16\u00b0 100 FORTE, LEONARDO Ford 12 19:37.242 46.220<br \/>\n17\u00b0 105 BORGERT, MANUEL Ford 11 19:47.137 1 VTA<br \/>\n18\u00b0 87 GALLO , SEBASTIAN Ford 9 14:50.217 3 VTAS<br \/>\n19\u00b0 133 BERNASCONI, FELIPE Chevrolet 7 11:39.968 5 VTAS<br \/>\n20\u00b0 177 DEMARCO, LUCA Chevrolet 7 13:35.516 5 VTAS<br \/>\n21\u00b0 65 SATRIANO, ROGELIO Chevrolet 1 01:36.161 11 VTAS<br \/>\n22\u00b0 78 CIFRE, ALAN DENIS Ford 0 12 VTAS<br \/>\n23\u00b0 66 RASETTO, GENARO Dodge 0 12 VTAS<br \/>\nPROMEDIO: 162,904 KM\/H<br \/>\nRECORD DE VUELTA: NRO 55 (IANSA) VTA 4 EN 1:27.509 A 175,456 KM\/H<br \/>\nEXCLUIDO AUTO N\u00b0 147(DIANDA) POR TOQUE AL AUTO N\u00b0 78(CIFRE.A)<br \/>\nAPERCIBIDO AUTO N\u00b0 68 (TORRE) POR TOQUE AL AUTO N\u00b0 105(BORGERT)<br \/>\nAPERCIBIDO AUTO N\u00b0 94(PALAU) POR TOQUE AL AUTO N\u00b0133(BERNASCONI)<br \/>\nAPERCIBIDO AUTO N\u00b0144(CIFRE.F) POR MANIOBRA PELIGROSA EN LARGADA AUTO N\u00b0147 (DIANDA)<br \/>\nNRP:<br \/>\nNRO 78 (CIFRE)<br \/>\nNRO 66 (RASETTO)<\/p>\n<p>&nbsp;<\/p>\n","protected":false},"excerpt":{"rendered":"<p>Gast\u00f3n Iansa logr\u00f3 en La Plata su quinta victoria en el a\u00f1o y se afianza en la cima del campeonato de TC Pista Mouras. En un inicio con algunos incidentes, [&#8230;]<\/p>\n","protected":false},"author":2,"featured_media":51778,"comment_status":"open","ping_status":"open","sticky":false,"template":"","format":"standard","meta":{"footnotes":""},"categories":[5],"tags":[7,2097,129,273,63],"_links":{"self":[{"href":"https:\/\/vertigomotorsport.com\/vm\/wp-json\/wp\/v2\/posts\/51777"}],"collection":[{"href":"https:\/\/vertigomotorsport.com\/vm\/wp-json\/wp\/v2\/posts"}],"about":[{"href":"https:\/\/vertigomotorsport.com\/vm\/wp-json\/wp\/v2\/types\/post"}],"author":[{"embeddable":true,"href":"https:\/\/vertigomotorsport.com\/vm\/wp-json\/wp\/v2\/users\/2"}],"replies":[{"embeddable":true,"href":"https:\/\/vertigomotorsport.com\/vm\/wp-json\/wp\/v2\/comments?post=51777"}],"version-history":[{"count":1,"href":"https:\/\/vertigomotorsport.com\/vm\/wp-json\/wp\/v2\/posts\/51777\/revisions"}],"predecessor-version":[{"id":51779,"href":"https:\/\/vertigomotorsport.com\/vm\/wp-json\/wp\/v2\/posts\/51777\/revisions\/51779"}],"wp:featuredmedia":[{"embeddable":true,"href":"https:\/\/vertigomotorsport.com\/vm\/wp-json\/wp\/v2\/media\/51778"}],"wp:attachment":[{"href":"https:\/\/vertigomotorsport.com\/vm\/wp-json\/wp\/v2\/media?parent=51777"}],"wp:term":[{"taxonomy":"category","embeddable":true,"href":"https:\/\/vertigomotorsport.com\/vm\/wp-json\/wp\/v2\/categories?post=51777"},{"taxonomy":"post_tag","embeddable":true,"href":"https:\/\/vertigomotorsport.com\/vm\/wp-json\/wp\/v2\/tags?post=51777"}],"curies":[{"name":"wp","href":"https:\/\/api.w.org\/{rel}","templated":true}]}}