{"id":51836,"date":"2023-06-28T23:00:23","date_gmt":"2023-06-29T02:00:23","guid":{"rendered":"http:\/\/vertigomotorsport.com\/vm\/?p=51836"},"modified":"2023-06-29T08:08:06","modified_gmt":"2023-06-29T11:08:06","slug":"apps-puso-cuarta-en-la-bota-olavarriense","status":"publish","type":"post","link":"https:\/\/vertigomotorsport.com\/vm\/2023\/06\/28\/apps-puso-cuarta-en-la-bota-olavarriense\/","title":{"rendered":"APPS puso cuarta en &#8216;La Bota&#8217; olavarriense"},"content":{"rendered":"<p><strong>El tradicional circuito albinegro volvi\u00f3 a mostrar una buena convocatoria de p\u00fablico en la 4\u00aa carrera del a\u00f1o para las categor\u00edas Menores del Sudeste. Se llevaron el triunfo Esteban Riciutti en la Monomarca 1100, Emiliano Juez en la Copa Gol VW y Carlos Macaluso en la Promocional 1100. Hubo un homenaje para el Flaco Mart\u00ednez. Concurri\u00f3 su esposa y tres de los 4 hijos.<\/strong><\/p>\n<p>La segunda visita de las Menores del Sudeste al Aut\u00f3dromo \u201cDante y Torcuato Emiliozzi\u201d del Club Estudiantes ocurri\u00f3 105 d\u00edas despu\u00e9s de la apertura de la temporada 2023.<br \/>\nEn la cuarta fecha se llevaron la victoria Esteban Riciutti (segunda consecutiva) en la Monomarca 1100, luego Emiliano Juez en la Copa Gol como para sacarse la espina de la exclusi\u00f3n en el episodio 1 y se cerr\u00f3 el domingo con el festejo de punta a punta del inoxidable Carlos Macaluso en la Promocional 1100.<br \/>\nEl circuito \u201cLa Bota\u201d sigue siendo convocante. Ni la baja temperatura en el comienzo del invierno impidi\u00f3 una gran concurrencia de p\u00fablico. Y antes de las 3 finales hubo un momento emotivo: el homenaje a la memoria de Eduardo Mart\u00ednez quien nos dej\u00f3 hace m\u00e1s de una semana. El \u201cFlaco\u201d hab\u00eda sido campe\u00f3n de la Promocional del Centro en 1979 y piloto de Turismo Carretera hasta mitad de la d\u00e9cada del \u201980.<br \/>\nEl tributo lleg\u00f3 por parte de los pilotos de las tres divisionales con dos vueltas detr\u00e1s del Auto de Seguridad donde se encontraban su esposa Ana y su hija Soledad. Luego, el presidente de APPS, Diego Tart\u00faferi, agradeci\u00f3 a su familia por la presencia en el aut\u00f3dromo del Club Estudiantes. Estuvieron adem\u00e1s sus hijos Federico y Nicol\u00e1s. Ausente Ezequiel, quien vive en La Plata.<br \/>\nEn el rubro resultados el primer espect\u00e1culo estuvo a cargo de la Monomarca 1100. La primera parte la domin\u00f3 Leopoldo Cirioli hasta su deserci\u00f3n, luego Nicol\u00e1s Benito y finalmente Esteban Riciutti que result\u00f3 el ganador del 4to. cap\u00edtulo (el segundo consecutivo), segundo finaliz\u00f3 Agust\u00edn Bruno y tercero Sebasti\u00e1n Tissone en su regreso a la divisional.<br \/>\nCuarto termin\u00f3 el campe\u00f3n y puntero del campeonato Nicol\u00e1s Benito que no quiso volver a sumar kilos, siendo quinto Facundo Alvarez.<br \/>\nLos diez primeros lugares se completaron con Facundo Cardone, Oscar Fornes, Jorge Rodr\u00edguez, Jonathan Gallardo y Joel Pianzola.<br \/>\nLuego lleg\u00f3 la final de la Copa Gol VW. Aqu\u00ed tambi\u00e9n hubo tres l\u00edderes distintos. Arranc\u00f3 Nicol\u00e1s Villamayor hasta la vuelta 5, dado que en la reanudaci\u00f3n se despist\u00f3 en la primera curva por la presencia de aceite.<br \/>\nPas\u00f3 a ser el puntero Mart\u00edn Collodoro y desde la 9\u00aa vuelta lleg\u00f3 al primer lugar Emiliano Juez despu\u00e9s de girar m\u00e1s de media mitad del escenario a la par con su compa\u00f1ero de estructura.<br \/>\nEl 4to. episodio qued\u00f3 para Emiliano Juez que lo tom\u00f3 como una revancha luego de la exclusi\u00f3n en la primera fecha en el mismo escenario. Celebr\u00f3 en el podio con Mart\u00edn Collodoro y Lucas Errobidart. Meritorio cuarto puesto de Fausto V\u00e1zquez luego de largar \u00faltimo, siendo quinto Nicol\u00e1s Villamayor.<br \/>\nCompletaron el total de las 16 vueltas Mat\u00edas Errobidart, la dupla Stremel &#8211; Picone y Mart\u00edn Saba, del 6to al 8vo. respectivamente. Noveno lugar Emiliano Leonardo (a 1 giro) y d\u00e9cimo Eddie Leonetti a 2 vueltas. Excluyeron tanto a Leonardo Marotta como a Manuel Mentasty, ambos por toque a Leonetti.<br \/>\nEl cierre de la tarde en el Aut\u00f3dromo \u201cDante y Torcuato Emiliozzi\u201d ocurri\u00f3 con la Promocional 1100. De punta a punta gan\u00f3 el \u201cP\u00e1jaro\u201d Carlos Macaluso, que de esta manera recibi\u00f3 la inyecci\u00f3n an\u00edmica para continuar el resto de la temporada.<br \/>\nGran labor del bolivarense Gustavo Pend\u00e1s que pas\u00f3 de cuarto a segundo a falta de media vuelta, ya que super\u00f3 a Cristian Novillo (lleg\u00f3 tercero) y aprovech\u00f3 la estrategia de Leonel Gelso (de 2do. a 4to.) para no sumar kilos, ya que por el abandono de Bernardo Fucci recuper\u00f3 el liderazgo del campeonato.<br \/>\nQuinto lleg\u00f3 Diego Tart\u00faferi (larg\u00f3 18), sexto Mart\u00edn Benaglia, s\u00e9ptimo Diego Mangieri en un domingo conmovedor por ser el yerno de Eduardo Mart\u00ednez (se lo vio muy emocionado junto con sus padres), octavo Juan Melffi (el mejor Renault), noveno Benjam\u00edn Latorre y d\u00e9cimo Guillermo Grierson.<br \/>\nAmargado termin\u00f3 el azule\u00f1o Braian Stracquadaini que, de ser protagonista, peleando hasta la 6ta. vuelta el segundo puesto con Gelso, debi\u00f3 ingresar a boxes por un toque del guardabarros trasero derecho con el neum\u00e1tico. Lleg\u00f3 12do con el total de las 20 vueltas.<\/p>\n<p>&nbsp;<\/p>\n<p>Textos: Javier Torres &#8211; Bandera a Cuadros<br \/>\nFoto: Nico Isalberti<\/p>\n<p>&nbsp;<\/p>\n","protected":false},"excerpt":{"rendered":"<p>El tradicional circuito albinegro volvi\u00f3 a mostrar una buena convocatoria de p\u00fablico en la 4\u00aa carrera del a\u00f1o para las categor\u00edas Menores del Sudeste. Se llevaron el triunfo Esteban Riciutti [&#8230;]<\/p>\n","protected":false},"author":2,"featured_media":51837,"comment_status":"open","ping_status":"open","sticky":false,"template":"","format":"standard","meta":{"footnotes":""},"categories":[1],"tags":[161,7,1319,162],"_links":{"self":[{"href":"https:\/\/vertigomotorsport.com\/vm\/wp-json\/wp\/v2\/posts\/51836"}],"collection":[{"href":"https:\/\/vertigomotorsport.com\/vm\/wp-json\/wp\/v2\/posts"}],"about":[{"href":"https:\/\/vertigomotorsport.com\/vm\/wp-json\/wp\/v2\/types\/post"}],"author":[{"embeddable":true,"href":"https:\/\/vertigomotorsport.com\/vm\/wp-json\/wp\/v2\/users\/2"}],"replies":[{"embeddable":true,"href":"https:\/\/vertigomotorsport.com\/vm\/wp-json\/wp\/v2\/comments?post=51836"}],"version-history":[{"count":1,"href":"https:\/\/vertigomotorsport.com\/vm\/wp-json\/wp\/v2\/posts\/51836\/revisions"}],"predecessor-version":[{"id":51838,"href":"https:\/\/vertigomotorsport.com\/vm\/wp-json\/wp\/v2\/posts\/51836\/revisions\/51838"}],"wp:featuredmedia":[{"embeddable":true,"href":"https:\/\/vertigomotorsport.com\/vm\/wp-json\/wp\/v2\/media\/51837"}],"wp:attachment":[{"href":"https:\/\/vertigomotorsport.com\/vm\/wp-json\/wp\/v2\/media?parent=51836"}],"wp:term":[{"taxonomy":"category","embeddable":true,"href":"https:\/\/vertigomotorsport.com\/vm\/wp-json\/wp\/v2\/categories?post=51836"},{"taxonomy":"post_tag","embeddable":true,"href":"https:\/\/vertigomotorsport.com\/vm\/wp-json\/wp\/v2\/tags?post=51836"}],"curies":[{"name":"wp","href":"https:\/\/api.w.org\/{rel}","templated":true}]}}