{"id":51874,"date":"2023-06-30T18:56:53","date_gmt":"2023-06-30T21:56:53","guid":{"rendered":"http:\/\/vertigomotorsport.com\/vm\/?p=51874"},"modified":"2023-06-30T20:28:11","modified_gmt":"2023-06-30T23:28:11","slug":"dos-nuevas-figuras-se-suman-al-tsc","status":"publish","type":"post","link":"https:\/\/vertigomotorsport.com\/vm\/2023\/06\/30\/dos-nuevas-figuras-se-suman-al-tsc\/","title":{"rendered":"Dos nuevas figuras se suman al TSC"},"content":{"rendered":"<p><strong>Los pilotos olavarrienses Andr\u00e9s \u00abEl Colo\u00bb de Vega y Mariano Cortes correr\u00e1n como pilotos invitados en el TSC, este fin de semana en el Hnos. Emilliozzi.<\/strong><\/p>\n<p>Previo al cuarto cap\u00edtulo, dos experimentados pilotos debutar\u00e1n en calidad de invitados en el Turismo Special de la Costa. Andres de Vega y Mariano Cortes, amigo y motorista del \u00abColo\u00bb Vega.<br \/>\nProvenientes de las categor\u00edas de la Federaci\u00f3n del Sudeste, Vega compiti\u00f3 en el Procar 4000, Turismo 4000 Argentino, Monomarca Gol y actualmente en el Turismo Sport del Sudeste (TSS).<\/p>\n<p>&nbsp;<\/p>\n","protected":false},"excerpt":{"rendered":"<p>Los pilotos olavarrienses Andr\u00e9s \u00abEl Colo\u00bb de Vega y Mariano Cortes correr\u00e1n como pilotos invitados en el TSC, este fin de semana en el Hnos. Emilliozzi. Previo al cuarto cap\u00edtulo, [&#8230;]<\/p>\n","protected":false},"author":2,"featured_media":51875,"comment_status":"open","ping_status":"open","sticky":false,"template":"","format":"standard","meta":{"footnotes":""},"categories":[1],"tags":[3616,7,3617,162,236,81,2218],"_links":{"self":[{"href":"https:\/\/vertigomotorsport.com\/vm\/wp-json\/wp\/v2\/posts\/51874"}],"collection":[{"href":"https:\/\/vertigomotorsport.com\/vm\/wp-json\/wp\/v2\/posts"}],"about":[{"href":"https:\/\/vertigomotorsport.com\/vm\/wp-json\/wp\/v2\/types\/post"}],"author":[{"embeddable":true,"href":"https:\/\/vertigomotorsport.com\/vm\/wp-json\/wp\/v2\/users\/2"}],"replies":[{"embeddable":true,"href":"https:\/\/vertigomotorsport.com\/vm\/wp-json\/wp\/v2\/comments?post=51874"}],"version-history":[{"count":1,"href":"https:\/\/vertigomotorsport.com\/vm\/wp-json\/wp\/v2\/posts\/51874\/revisions"}],"predecessor-version":[{"id":51876,"href":"https:\/\/vertigomotorsport.com\/vm\/wp-json\/wp\/v2\/posts\/51874\/revisions\/51876"}],"wp:featuredmedia":[{"embeddable":true,"href":"https:\/\/vertigomotorsport.com\/vm\/wp-json\/wp\/v2\/media\/51875"}],"wp:attachment":[{"href":"https:\/\/vertigomotorsport.com\/vm\/wp-json\/wp\/v2\/media?parent=51874"}],"wp:term":[{"taxonomy":"category","embeddable":true,"href":"https:\/\/vertigomotorsport.com\/vm\/wp-json\/wp\/v2\/categories?post=51874"},{"taxonomy":"post_tag","embeddable":true,"href":"https:\/\/vertigomotorsport.com\/vm\/wp-json\/wp\/v2\/tags?post=51874"}],"curies":[{"name":"wp","href":"https:\/\/api.w.org\/{rel}","templated":true}]}}