{"id":51880,"date":"2023-06-30T20:26:25","date_gmt":"2023-06-30T23:26:25","guid":{"rendered":"http:\/\/vertigomotorsport.com\/vm\/?p=51880"},"modified":"2023-06-30T20:27:14","modified_gmt":"2023-06-30T23:27:14","slug":"una-nueva-postergacion","status":"publish","type":"post","link":"https:\/\/vertigomotorsport.com\/vm\/2023\/06\/30\/una-nueva-postergacion\/","title":{"rendered":"Una nueva postergaci\u00f3n"},"content":{"rendered":"<p><strong>Hoy (viernes), en horas del mediod\u00eda, se confirm\u00f3 la suspensi\u00f3n del cuarto cap\u00edtulo del calendario para las divisionales Mayores del Sudeste, pactado para este fin de semana en el aut\u00f3dromo \u00abParque\u00bb del Club Independiente de San Cayetano.<\/strong><\/p>\n<p>Los pron\u00f3sticos de lluvias para el d\u00eda domingo llevaron a directivos de la entidad sancayetanense y a la Asociaci\u00f3n de Pilotos a tomar esta determinaci\u00f3n. En principio, la competencia se desarrollar\u00eda el fin de semana del 15 y 16 de julio en el mismo escenario.<\/p>\n<p>&nbsp;<\/p>\n<p>(Foto: NachoFox Prensa)<\/p>\n<p>&nbsp;<\/p>\n","protected":false},"excerpt":{"rendered":"<p>Hoy (viernes), en horas del mediod\u00eda, se confirm\u00f3 la suspensi\u00f3n del cuarto cap\u00edtulo del calendario para las divisionales Mayores del Sudeste, pactado para este fin de semana en el aut\u00f3dromo [&#8230;]<\/p>\n","protected":false},"author":2,"featured_media":51881,"comment_status":"open","ping_status":"open","sticky":false,"template":"","format":"standard","meta":{"footnotes":""},"categories":[1],"tags":[7,2495,509,592],"_links":{"self":[{"href":"https:\/\/vertigomotorsport.com\/vm\/wp-json\/wp\/v2\/posts\/51880"}],"collection":[{"href":"https:\/\/vertigomotorsport.com\/vm\/wp-json\/wp\/v2\/posts"}],"about":[{"href":"https:\/\/vertigomotorsport.com\/vm\/wp-json\/wp\/v2\/types\/post"}],"author":[{"embeddable":true,"href":"https:\/\/vertigomotorsport.com\/vm\/wp-json\/wp\/v2\/users\/2"}],"replies":[{"embeddable":true,"href":"https:\/\/vertigomotorsport.com\/vm\/wp-json\/wp\/v2\/comments?post=51880"}],"version-history":[{"count":1,"href":"https:\/\/vertigomotorsport.com\/vm\/wp-json\/wp\/v2\/posts\/51880\/revisions"}],"predecessor-version":[{"id":51882,"href":"https:\/\/vertigomotorsport.com\/vm\/wp-json\/wp\/v2\/posts\/51880\/revisions\/51882"}],"wp:featuredmedia":[{"embeddable":true,"href":"https:\/\/vertigomotorsport.com\/vm\/wp-json\/wp\/v2\/media\/51881"}],"wp:attachment":[{"href":"https:\/\/vertigomotorsport.com\/vm\/wp-json\/wp\/v2\/media?parent=51880"}],"wp:term":[{"taxonomy":"category","embeddable":true,"href":"https:\/\/vertigomotorsport.com\/vm\/wp-json\/wp\/v2\/categories?post=51880"},{"taxonomy":"post_tag","embeddable":true,"href":"https:\/\/vertigomotorsport.com\/vm\/wp-json\/wp\/v2\/tags?post=51880"}],"curies":[{"name":"wp","href":"https:\/\/api.w.org\/{rel}","templated":true}]}}