{"id":53231,"date":"2023-09-21T10:50:33","date_gmt":"2023-09-21T13:50:33","guid":{"rendered":"http:\/\/vertigomotorsport.com\/vm\/?p=53231"},"modified":"2023-09-21T10:52:26","modified_gmt":"2023-09-21T13:52:26","slug":"olavarria-quiere-volver-a-recibir-al-tc","status":"publish","type":"post","link":"https:\/\/vertigomotorsport.com\/vm\/2023\/09\/21\/olavarria-quiere-volver-a-recibir-al-tc\/","title":{"rendered":"Olavarr\u00eda quiere volver a recibir al TC"},"content":{"rendered":"<p><strong>Con el objetivo de que Olavarr\u00eda vuelva a tener a las categor\u00edas de la ACTC, en la sede de la entidad, el presidente Hugo Mazzacane, recibi\u00f3 a Maximiliano Wesner, candidato a Intendente en la ciudad de Olavarr\u00eda quien busca que el \u201cHermanos Emiliozzi\u201d vuelva a tener a la m\u00e1xima categor\u00eda argentina.<\/strong><\/p>\n<p>\u00abMe reun\u00ed con Hugo Mazzacane para conversar sobre la posibilidad de que vuelvan las categor\u00edas nacionales al Aut\u00f3dromo Hermanos Emiliozzi. Tenemos que recuperar este valor que supo poner positivamente a Olavarr\u00eda en la agenda nacional e internacional\u00bb, expres\u00f3 Wesner, al sitio Bandera a Cuadros (propiedad del colega Javier Torres).<br \/>\nHasta la temporada 2018, el Turismo Carretera tuvo su paso por Olavarr\u00eda generando un gran impacto tur\u00edstico y econ\u00f3mico como en cada ciudad que visita y con esa premisa es el inter\u00e9s por el cual se pueda recuperar una fecha y que nuevamente la capital del cementa integre el calendario nacional del TC.<br \/>\n\u201cEs muy importante este tipo de evento para la ciudad, por el impacto econ\u00f3mico que genera para toda la comunidad. El movimiento que implica repercute directamente en el sector hotelero, gastron\u00f3mico y en los proveedores locales\u201d, cerr\u00f3 Wesner.<br \/>\nOlavarr\u00eda, supo recibir competencias de Turismo Carretera, como tambi\u00e9n fue una plaza visitada por sus categor\u00edas escuelas, TC Mouras y TC Pista Mouras.<\/p>\n<p>&nbsp;<\/p>\n<p><img loading=\"lazy\" decoding=\"async\" class=\"alignnone wp-image-53232 size-full\" src=\"http:\/\/vertigomotorsport.com\/vm\/wp-content\/uploads\/wesner.jpg\" alt=\"\" width=\"670\" height=\"380\" srcset=\"https:\/\/vertigomotorsport.com\/vm\/wp-content\/uploads\/wesner.jpg 670w, https:\/\/vertigomotorsport.com\/vm\/wp-content\/uploads\/wesner-300x170.jpg 300w\" sizes=\"(max-width: 670px) 100vw, 670px\" \/><\/p>\n<p>&nbsp;<\/p>\n","protected":false},"excerpt":{"rendered":"<p>Con el objetivo de que Olavarr\u00eda vuelva a tener a las categor\u00edas de la ACTC, en la sede de la entidad, el presidente Hugo Mazzacane, recibi\u00f3 a Maximiliano Wesner, candidato [&#8230;]<\/p>\n","protected":false},"author":2,"featured_media":53234,"comment_status":"open","ping_status":"open","sticky":false,"template":"","format":"standard","meta":{"footnotes":""},"categories":[5],"tags":[128,574,7,1809,3688,162,211],"_links":{"self":[{"href":"https:\/\/vertigomotorsport.com\/vm\/wp-json\/wp\/v2\/posts\/53231"}],"collection":[{"href":"https:\/\/vertigomotorsport.com\/vm\/wp-json\/wp\/v2\/posts"}],"about":[{"href":"https:\/\/vertigomotorsport.com\/vm\/wp-json\/wp\/v2\/types\/post"}],"author":[{"embeddable":true,"href":"https:\/\/vertigomotorsport.com\/vm\/wp-json\/wp\/v2\/users\/2"}],"replies":[{"embeddable":true,"href":"https:\/\/vertigomotorsport.com\/vm\/wp-json\/wp\/v2\/comments?post=53231"}],"version-history":[{"count":1,"href":"https:\/\/vertigomotorsport.com\/vm\/wp-json\/wp\/v2\/posts\/53231\/revisions"}],"predecessor-version":[{"id":53233,"href":"https:\/\/vertigomotorsport.com\/vm\/wp-json\/wp\/v2\/posts\/53231\/revisions\/53233"}],"wp:featuredmedia":[{"embeddable":true,"href":"https:\/\/vertigomotorsport.com\/vm\/wp-json\/wp\/v2\/media\/53234"}],"wp:attachment":[{"href":"https:\/\/vertigomotorsport.com\/vm\/wp-json\/wp\/v2\/media?parent=53231"}],"wp:term":[{"taxonomy":"category","embeddable":true,"href":"https:\/\/vertigomotorsport.com\/vm\/wp-json\/wp\/v2\/categories?post=53231"},{"taxonomy":"post_tag","embeddable":true,"href":"https:\/\/vertigomotorsport.com\/vm\/wp-json\/wp\/v2\/tags?post=53231"}],"curies":[{"name":"wp","href":"https:\/\/api.w.org\/{rel}","templated":true}]}}