{"id":53569,"date":"2023-10-10T20:55:42","date_gmt":"2023-10-10T23:55:42","guid":{"rendered":"http:\/\/vertigomotorsport.com\/vm\/?p=53569"},"modified":"2023-10-12T09:16:14","modified_gmt":"2023-10-12T12:16:14","slug":"apps-pone-octava-en-olavarria","status":"publish","type":"post","link":"https:\/\/vertigomotorsport.com\/vm\/2023\/10\/10\/apps-pone-octava-en-olavarria\/","title":{"rendered":"APPS pone octava en Olavarr\u00eda"},"content":{"rendered":"<p><strong>Luego de la suspensi\u00f3n del pasado fin de semana, las divisionales \u00abchicas\u00bb del sudeste junto a la Copa VW Gol y al TSS, reprogramaron su competencia para este viernes 13 y s\u00e1bado 14 de octubre. La carrera llevar\u00e1 el nombre de Daniel \u00abMasita\u00bb Masson, ex-bicampe\u00f3n de la Promocional del Centro en los a\u00f1os 1997 y 1998.<\/strong><\/p>\n<p>Compartimos el cronograma para el espect\u00e1culo del pr\u00f3ximo fin de semana, en el aut\u00f3dromo \u00abHermanos Emiliozzi\u00bb de Olavarr\u00eda.<\/p>\n<p>ORGANIGRAMA 8\u00b0 FECHA AMCO<br \/>\nAPPS &#8211; COPA GOL -TSS<br \/>\n<strong>VIERNES 13 DE OCTUBRE<\/strong><br \/>\n10.00 HS VERIFICACION TECNICA Y ADMINISTRATIVA<br \/>\n13.00 HS P.LIBRES<br \/>\nORDEN DE SALIDA<br \/>\nTSS (TODOS)<br \/>\nGOL (TODOS)<br \/>\nPROMOCIONAL (TODOS)<br \/>\nMONOMARCA (2 TANDAS POR RANKING CAMPEONATO)<br \/>\n3 TANDAS DE 15 MINUTOS CADA UNA<br \/>\n<strong>S\u00c1BADO 14 DE OCTUBRE<\/strong><br \/>\n08.30 HS REUNION OBLIGATORIA DE PILOTOS<br \/>\n09.00 HS<br \/>\nP.LIBRES 3V (MISMO ORDEN DEL SABADO)<br \/>\nCLASIFICACION<br \/>\nTSS 10 MINUTOS A BOX ABIERTO<br \/>\nCOPA GOL DOS TANDAS POR RANKING DE CAMPEONATO . 10 MINUTOS A BOX ABIERTO<br \/>\nPROMOCIONAL TANDAS POR RANKING DE CAMPEONATO 3V<br \/>\nMONOMARCA TANDAS POR RANKING DE CAMPEONATO 3V<br \/>\nSERIES<br \/>\nCOPA GOL<br \/>\nPROMOCIONAL 6V<br \/>\nMONOMARCA 6V<br \/>\nTSS<br \/>\nPREFINAL 9V<br \/>\nPROMOCIONAL<br \/>\nMONOMARCA<br \/>\nFINAL TSS<br \/>\nFINAL COPA GOL<br \/>\nFINAL PROMOCIONAL 15V<br \/>\nFINAL MONOMARCA 15V<br \/>\nAPPS y TSS (circuito 6 -tri\u00e1ngulo-)<br \/>\nCopa Gol (circuito 5)<\/p>\n<p>&nbsp;<\/p>\n","protected":false},"excerpt":{"rendered":"<p>Luego de la suspensi\u00f3n del pasado fin de semana, las divisionales \u00abchicas\u00bb del sudeste junto a la Copa VW Gol y al TSS, reprogramaron su competencia para este viernes 13 [&#8230;]<\/p>\n","protected":false},"author":2,"featured_media":53570,"comment_status":"open","ping_status":"open","sticky":false,"template":"","format":"standard","meta":{"footnotes":""},"categories":[1],"tags":[161,2409,7,162,3703,81],"_links":{"self":[{"href":"https:\/\/vertigomotorsport.com\/vm\/wp-json\/wp\/v2\/posts\/53569"}],"collection":[{"href":"https:\/\/vertigomotorsport.com\/vm\/wp-json\/wp\/v2\/posts"}],"about":[{"href":"https:\/\/vertigomotorsport.com\/vm\/wp-json\/wp\/v2\/types\/post"}],"author":[{"embeddable":true,"href":"https:\/\/vertigomotorsport.com\/vm\/wp-json\/wp\/v2\/users\/2"}],"replies":[{"embeddable":true,"href":"https:\/\/vertigomotorsport.com\/vm\/wp-json\/wp\/v2\/comments?post=53569"}],"version-history":[{"count":3,"href":"https:\/\/vertigomotorsport.com\/vm\/wp-json\/wp\/v2\/posts\/53569\/revisions"}],"predecessor-version":[{"id":53589,"href":"https:\/\/vertigomotorsport.com\/vm\/wp-json\/wp\/v2\/posts\/53569\/revisions\/53589"}],"wp:featuredmedia":[{"embeddable":true,"href":"https:\/\/vertigomotorsport.com\/vm\/wp-json\/wp\/v2\/media\/53570"}],"wp:attachment":[{"href":"https:\/\/vertigomotorsport.com\/vm\/wp-json\/wp\/v2\/media?parent=53569"}],"wp:term":[{"taxonomy":"category","embeddable":true,"href":"https:\/\/vertigomotorsport.com\/vm\/wp-json\/wp\/v2\/categories?post=53569"},{"taxonomy":"post_tag","embeddable":true,"href":"https:\/\/vertigomotorsport.com\/vm\/wp-json\/wp\/v2\/tags?post=53569"}],"curies":[{"name":"wp","href":"https:\/\/api.w.org\/{rel}","templated":true}]}}