{"id":53621,"date":"2023-10-14T23:45:49","date_gmt":"2023-10-15T02:45:49","guid":{"rendered":"http:\/\/vertigomotorsport.com\/vm\/?p=53621"},"modified":"2023-10-15T10:01:59","modified_gmt":"2023-10-15T13:01:59","slug":"sudestada-en-el-hermanos-emiliozzi","status":"publish","type":"post","link":"https:\/\/vertigomotorsport.com\/vm\/2023\/10\/14\/sudestada-en-el-hermanos-emiliozzi\/","title":{"rendered":"Sudestada en el &#8216;Hermanos Emiliozzi&#8217;"},"content":{"rendered":"<p><strong>El aut\u00f3dromo del Auto Moto Club Olavarr\u00eda fue epicentro de un nuevo show de las divisionales de APPS, junto a la Copa Gol y al TSS. Victorias de Mart\u00edn Collodoro, Nicol\u00e1s Benito, Agust\u00edn Gelso, Natalio Jug\u00f3n y Andr\u00e9s De Vega.<\/strong><\/p>\n<p>Jornada sabatina intensa, en la previa al \u201cD\u00eda de la Madre\u201d, en el trazado de la \u00abcapital del cemento\u00bb. All\u00ed, la Promocional y la Monomarca de APPS llevaron a cabo el octavo compromiso de la temporada.<br \/>\nEn la divisi\u00f3n de los Fiat 600, el retornado Agust\u00edn Collodoro se alz\u00f3 con una importante conquista. El campe\u00f3n lider\u00f3 una carrera que tuvo a los protagonistas que luchan por la corona en una pelea intensa detr\u00e1s del l\u00edder. Finalmente, fue Bernardo Fucci quien arrib\u00f3 en el segundo lugar y se escapa en la punta del certamen de la Promo. Tercero arrib\u00f3 Gustavo Pendas, cuarto Mart\u00edn Benaglia y quinto el azule\u00f1o Braian Stracquadaini (cuarto en pista pero recargado por haber superado a Benaglia con bandera amarilla). Los diez primeros lugares en Olavarr\u00eda se completaron con Carlos Macaluso, Diego Mangieri, Leonel Gelso, Mat\u00edas Gajate -el mejor Renault- y Diego Tart\u00faferi.<br \/>\nEn la Monomarca, el triunfo qued\u00f3 en manos de Nicol\u00e1s Benito. El otrora kartista olavarriense se encamina a lograr el bicampeonato de la especialidad. Facundo Cardone y Alan Wagner lo acompa\u00f1aron en el podio. Leopoldo Ciriolli, quien marchaba tercero, levant\u00f3 para no cargar kilos, arribando en la cuarta posici\u00f3n. Detr\u00e1s, el top-ten lo completaron Joel Pianzolla, el hist\u00f3rico Oscar Fornes, Tom\u00e1s Nieves, Facundo \u00c1lvarez, Daniel Albano y Gonzalo Etchecolatz.<br \/>\nPor su parte, Agust\u00edn Gelso, en su segunda participaci\u00f3n en la Copa VW Gol, se qued\u00f3 con la competencia final en el AMCO. Emotiva carrera para el chillarense, que tuvo que remontar desde el octavo lugar de la grilla hasta llegar a la posici\u00f3n de vanguardia. Leonardo Marotta fue segundo y Lucas Errobidart tercero. Villamayor y Leonetti cerraron el quinteto de avanzada.<br \/>\nPor \u00faltimo, el Turismo Sport del Sudeste llev\u00f3 a cabo fecha doble con triunfos de Natalio Jug\u00f3n y el \u00abColo\u00bb Andr\u00e9s De Vega.<\/p>\n<p>&nbsp;<\/p>\n<p>(Foto: Braian Pois)<\/p>\n<p>&nbsp;<\/p>\n","protected":false},"excerpt":{"rendered":"<p>El aut\u00f3dromo del Auto Moto Club Olavarr\u00eda fue epicentro de un nuevo show de las divisionales de APPS, junto a la Copa Gol y al TSS. Victorias de Mart\u00edn Collodoro, [&#8230;]<\/p>\n","protected":false},"author":2,"featured_media":53622,"comment_status":"open","ping_status":"open","sticky":false,"template":"","format":"standard","meta":{"footnotes":""},"categories":[1],"tags":[161,2409,7,162],"_links":{"self":[{"href":"https:\/\/vertigomotorsport.com\/vm\/wp-json\/wp\/v2\/posts\/53621"}],"collection":[{"href":"https:\/\/vertigomotorsport.com\/vm\/wp-json\/wp\/v2\/posts"}],"about":[{"href":"https:\/\/vertigomotorsport.com\/vm\/wp-json\/wp\/v2\/types\/post"}],"author":[{"embeddable":true,"href":"https:\/\/vertigomotorsport.com\/vm\/wp-json\/wp\/v2\/users\/2"}],"replies":[{"embeddable":true,"href":"https:\/\/vertigomotorsport.com\/vm\/wp-json\/wp\/v2\/comments?post=53621"}],"version-history":[{"count":2,"href":"https:\/\/vertigomotorsport.com\/vm\/wp-json\/wp\/v2\/posts\/53621\/revisions"}],"predecessor-version":[{"id":53630,"href":"https:\/\/vertigomotorsport.com\/vm\/wp-json\/wp\/v2\/posts\/53621\/revisions\/53630"}],"wp:featuredmedia":[{"embeddable":true,"href":"https:\/\/vertigomotorsport.com\/vm\/wp-json\/wp\/v2\/media\/53622"}],"wp:attachment":[{"href":"https:\/\/vertigomotorsport.com\/vm\/wp-json\/wp\/v2\/media?parent=53621"}],"wp:term":[{"taxonomy":"category","embeddable":true,"href":"https:\/\/vertigomotorsport.com\/vm\/wp-json\/wp\/v2\/categories?post=53621"},{"taxonomy":"post_tag","embeddable":true,"href":"https:\/\/vertigomotorsport.com\/vm\/wp-json\/wp\/v2\/tags?post=53621"}],"curies":[{"name":"wp","href":"https:\/\/api.w.org\/{rel}","templated":true}]}}