{"id":55110,"date":"2024-02-26T23:45:00","date_gmt":"2024-02-27T02:45:00","guid":{"rendered":"https:\/\/vertigomotorsport.com\/vm\/?p=55110"},"modified":"2024-02-27T13:57:47","modified_gmt":"2024-02-27T16:57:47","slug":"definida-la-fecha-de-inicio-para-apps","status":"publish","type":"post","link":"https:\/\/vertigomotorsport.com\/vm\/2024\/02\/26\/definida-la-fecha-de-inicio-para-apps\/","title":{"rendered":"Definida la fecha de inicio para APPS"},"content":{"rendered":"\n<p><strong>Concluida la reunion con la FRAD y los clubes que solicitaron fecha para el presente campeonato de APPS, se llego al siguiente acuerdo: El campeonato comenzar\u00e1 el fin de semana del 23 y 24 de marzo en el circuito &#8216;La Bota&#8217; del Club Estudiantes de Olavarr\u00eda. Y de un total de $196000 que sal\u00eda originalmente en concepto de inscripci\u00f3n y canon, se logr\u00f3 bajar a $123000,ese ser\u00e1 el valor a pagar por todo concepto.<\/strong><\/p>\n\n\n\n<p>A partir de la tercer fecha se retocar\u00e1 a precio de nafta Copam (si hay aumento del combustible).<\/p>\n\n\n\n<p><\/p>\n\n\n\n<p>(Fotos: Nico Isalberti)<\/p>\n\n\n\n<p><\/p>\n\n\n\n<p>***<\/p>\n","protected":false},"excerpt":{"rendered":"<p>Concluida la reunion con la FRAD y los clubes que solicitaron fecha para el presente campeonato de APPS, se llego al siguiente acuerdo: El campeonato comenzar\u00e1 el fin de semana [&#8230;]<\/p>\n","protected":false},"author":2,"featured_media":53192,"comment_status":"open","ping_status":"open","sticky":false,"template":"","format":"standard","meta":{"footnotes":""},"categories":[1],"tags":[161,7,1319],"_links":{"self":[{"href":"https:\/\/vertigomotorsport.com\/vm\/wp-json\/wp\/v2\/posts\/55110"}],"collection":[{"href":"https:\/\/vertigomotorsport.com\/vm\/wp-json\/wp\/v2\/posts"}],"about":[{"href":"https:\/\/vertigomotorsport.com\/vm\/wp-json\/wp\/v2\/types\/post"}],"author":[{"embeddable":true,"href":"https:\/\/vertigomotorsport.com\/vm\/wp-json\/wp\/v2\/users\/2"}],"replies":[{"embeddable":true,"href":"https:\/\/vertigomotorsport.com\/vm\/wp-json\/wp\/v2\/comments?post=55110"}],"version-history":[{"count":1,"href":"https:\/\/vertigomotorsport.com\/vm\/wp-json\/wp\/v2\/posts\/55110\/revisions"}],"predecessor-version":[{"id":55111,"href":"https:\/\/vertigomotorsport.com\/vm\/wp-json\/wp\/v2\/posts\/55110\/revisions\/55111"}],"wp:featuredmedia":[{"embeddable":true,"href":"https:\/\/vertigomotorsport.com\/vm\/wp-json\/wp\/v2\/media\/53192"}],"wp:attachment":[{"href":"https:\/\/vertigomotorsport.com\/vm\/wp-json\/wp\/v2\/media?parent=55110"}],"wp:term":[{"taxonomy":"category","embeddable":true,"href":"https:\/\/vertigomotorsport.com\/vm\/wp-json\/wp\/v2\/categories?post=55110"},{"taxonomy":"post_tag","embeddable":true,"href":"https:\/\/vertigomotorsport.com\/vm\/wp-json\/wp\/v2\/tags?post=55110"}],"curies":[{"name":"wp","href":"https:\/\/api.w.org\/{rel}","templated":true}]}}