{"id":60698,"date":"2025-10-28T23:00:00","date_gmt":"2025-10-29T02:00:00","guid":{"rendered":"https:\/\/vertigomotorsport.com\/vm\/?p=60698"},"modified":"2025-10-29T08:59:46","modified_gmt":"2025-10-29T11:59:46","slug":"el-guri-martinez-competicion-para-el-2026","status":"publish","type":"post","link":"https:\/\/vertigomotorsport.com\/vm\/2025\/10\/28\/el-guri-martinez-competicion-para-el-2026\/","title":{"rendered":"El Gur\u00ed Mart\u00ednez Competici\u00f3n para el 2026"},"content":{"rendered":"\n<p><strong>El equipo proyecta la temporada siguiente y esta cerca de cerrar un piloto para el TC.<\/strong><\/p>\n\n\n\n<p>A pesar de que faltan tres fechas para finalizar este campeonato, varios equipos ya empiezan a moverse para la temporada siguiente. El Guri Mart\u00ednez competici\u00f3n es uno de ellos: \u201cLa idea es hacer dos TC y un TC Pista y o tres TC\u00bb, manifest\u00f3 el entrerriano que al referirse sobre posibles pilotos se\u00f1al\u00f3: \u201cLa idea es que Agust\u00edn (Mart\u00ednez) contin\u00fae, est\u00e1 trabajando con los sponsors para estar el a\u00f1o pr\u00f3ximo, y despu\u00e9s ver quienes pueden llegar a pasar. Ya hay charlas avanzadas con otro piloto. Seguramente en los pr\u00f3ximos d\u00edas vamos a estar en condiciones de confirmar\u201d. Seg\u00fan rumores todo apunta al posible regreso de un piloto que ya integr\u00f3 el equipo en temporadas anteriores.<br>Con respecto a las camionetas, el Guri dijo: \u201cLa idea es continuar parecido a lo que estamos haciendo este a\u00f1o. Est\u00e1n las dos que est\u00e1n corriendo y una Toyota para hacer tres o cuatro la temporada que viene. Todav\u00eda no hemos hablado con los pilotos que est\u00e1n hoy en dia que son Ignacio Fa\u00edn y Marco Dianda\u201d.<\/p>\n\n\n\n<p><\/p>\n\n\n\n<p>***<\/p>\n\n\n\n<p><\/p>\n","protected":false},"excerpt":{"rendered":"<p>El equipo proyecta la temporada siguiente y esta cerca de cerrar un piloto para el TC. A pesar de que faltan tres fechas para finalizar este campeonato, varios equipos ya [&#8230;]<\/p>\n","protected":false},"author":2,"featured_media":60699,"comment_status":"open","ping_status":"open","sticky":false,"template":"","format":"standard","meta":{"footnotes":""},"categories":[5],"tags":[7,379,36,211],"_links":{"self":[{"href":"https:\/\/vertigomotorsport.com\/vm\/wp-json\/wp\/v2\/posts\/60698"}],"collection":[{"href":"https:\/\/vertigomotorsport.com\/vm\/wp-json\/wp\/v2\/posts"}],"about":[{"href":"https:\/\/vertigomotorsport.com\/vm\/wp-json\/wp\/v2\/types\/post"}],"author":[{"embeddable":true,"href":"https:\/\/vertigomotorsport.com\/vm\/wp-json\/wp\/v2\/users\/2"}],"replies":[{"embeddable":true,"href":"https:\/\/vertigomotorsport.com\/vm\/wp-json\/wp\/v2\/comments?post=60698"}],"version-history":[{"count":1,"href":"https:\/\/vertigomotorsport.com\/vm\/wp-json\/wp\/v2\/posts\/60698\/revisions"}],"predecessor-version":[{"id":60700,"href":"https:\/\/vertigomotorsport.com\/vm\/wp-json\/wp\/v2\/posts\/60698\/revisions\/60700"}],"wp:featuredmedia":[{"embeddable":true,"href":"https:\/\/vertigomotorsport.com\/vm\/wp-json\/wp\/v2\/media\/60699"}],"wp:attachment":[{"href":"https:\/\/vertigomotorsport.com\/vm\/wp-json\/wp\/v2\/media?parent=60698"}],"wp:term":[{"taxonomy":"category","embeddable":true,"href":"https:\/\/vertigomotorsport.com\/vm\/wp-json\/wp\/v2\/categories?post=60698"},{"taxonomy":"post_tag","embeddable":true,"href":"https:\/\/vertigomotorsport.com\/vm\/wp-json\/wp\/v2\/tags?post=60698"}],"curies":[{"name":"wp","href":"https:\/\/api.w.org\/{rel}","templated":true}]}}