{"id":61257,"date":"2026-01-09T13:36:06","date_gmt":"2026-01-09T16:36:06","guid":{"rendered":"https:\/\/vertigomotorsport.com\/vm\/?p=61257"},"modified":"2026-01-09T13:36:09","modified_gmt":"2026-01-09T16:36:09","slug":"apps-2025-fucci-y-collodoro-los-campeones-de-una-temporada-intensa","status":"publish","type":"post","link":"https:\/\/vertigomotorsport.com\/vm\/2026\/01\/09\/apps-2025-fucci-y-collodoro-los-campeones-de-una-temporada-intensa\/","title":{"rendered":"APPS 2025: Fucci y Collodoro, los campeones de una temporada intensa"},"content":{"rendered":"\n<p><strong>La temporada 2025 de la Asociaci\u00f3n de Pilotos Promocionales del Sudeste (APPS) concluy\u00f3 con la consagraci\u00f3n de Mart\u00edn Collodoro en la Monomarca y Bernardo Fucci en la Promocional, bajo la fiscalizaci\u00f3n de la FRAD N\u00b03 del Sudeste.<\/strong><\/p>\n\n\n\n<p>Las divisionales zonales pasaron por el Aut\u00f3dromo Hermanos Emiliozzi de Olavarr\u00eda, el Segundo Taraborelli de Tres Arroyos, el Oscar Mauricio Franco de Azul y el Parque Independiente de San Cayetano.<br>En la Promo, Bernardo Fucci logr\u00f3 el campeonato gracias a su regularidad y a buenos resultados en las fechas clave. Lo siguieron en el podio Manuel Mentasty y Braian Stracquadaini, mientras que Manuel Serra y Benjam\u00edn Latorre completaron los cinco primeros. A lo largo de la temporada hubo distintos ganadores de finales, con Fucci y Mentasty como los m\u00e1s recurrentes en la parte alta de los resultados.<br>Por su parte, en la Monomarca del Sudeste, el olavarriense Mart\u00edn Collodoro se consagr\u00f3 campe\u00f3n tras acumular varias victorias y mantenerse constante en la punta de las carreras. Lo escoltaron Leonel Gelso y Alejandro Marcilla, mientras que Emiliano Juez y Ramiro Elisiri completaron los cinco primeros del campeonato. La categor\u00eda volvi\u00f3 a mostrar paridad en los resultados, con carreras definidas por detalles de pista y consistencia a lo largo de la temporada.<br>En paralelo, la Copa VW Gol tambi\u00e9n complet\u00f3 su calendario 2025. El campeonato tuvo varias fechas compartidas con las categor\u00edas menores y consagr\u00f3 a Leo Marotta como monarca.<br>En resumen, APPS cerr\u00f3 2025 con un calendario ordenado. La Promocional y la Monomarca del Sudeste reafirmaron su lugar como divisionales consolidadas del automovilismo zonal.<\/p>\n\n\n\n<p><\/p>\n\n\n\n<p>***<\/p>\n\n\n\n<p><\/p>\n","protected":false},"excerpt":{"rendered":"<p>La temporada 2025 de la Asociaci\u00f3n de Pilotos Promocionales del Sudeste (APPS) concluy\u00f3 con la consagraci\u00f3n de Mart\u00edn Collodoro en la Monomarca y Bernardo Fucci en la Promocional, bajo la [&#8230;]<\/p>\n","protected":false},"author":2,"featured_media":61258,"comment_status":"open","ping_status":"open","sticky":false,"template":"","format":"standard","meta":{"footnotes":""},"categories":[1],"tags":[161,3306,7,2439],"_links":{"self":[{"href":"https:\/\/vertigomotorsport.com\/vm\/wp-json\/wp\/v2\/posts\/61257"}],"collection":[{"href":"https:\/\/vertigomotorsport.com\/vm\/wp-json\/wp\/v2\/posts"}],"about":[{"href":"https:\/\/vertigomotorsport.com\/vm\/wp-json\/wp\/v2\/types\/post"}],"author":[{"embeddable":true,"href":"https:\/\/vertigomotorsport.com\/vm\/wp-json\/wp\/v2\/users\/2"}],"replies":[{"embeddable":true,"href":"https:\/\/vertigomotorsport.com\/vm\/wp-json\/wp\/v2\/comments?post=61257"}],"version-history":[{"count":1,"href":"https:\/\/vertigomotorsport.com\/vm\/wp-json\/wp\/v2\/posts\/61257\/revisions"}],"predecessor-version":[{"id":61259,"href":"https:\/\/vertigomotorsport.com\/vm\/wp-json\/wp\/v2\/posts\/61257\/revisions\/61259"}],"wp:featuredmedia":[{"embeddable":true,"href":"https:\/\/vertigomotorsport.com\/vm\/wp-json\/wp\/v2\/media\/61258"}],"wp:attachment":[{"href":"https:\/\/vertigomotorsport.com\/vm\/wp-json\/wp\/v2\/media?parent=61257"}],"wp:term":[{"taxonomy":"category","embeddable":true,"href":"https:\/\/vertigomotorsport.com\/vm\/wp-json\/wp\/v2\/categories?post=61257"},{"taxonomy":"post_tag","embeddable":true,"href":"https:\/\/vertigomotorsport.com\/vm\/wp-json\/wp\/v2\/tags?post=61257"}],"curies":[{"name":"wp","href":"https:\/\/api.w.org\/{rel}","templated":true}]}}